{"id":15992,"date":"2023-09-07T16:01:33","date_gmt":"2023-09-07T14:01:33","guid":{"rendered":"https:\/\/indeks.mk\/?p=15992"},"modified":"2023-09-07T16:01:33","modified_gmt":"2023-09-07T14:01:33","slug":"kodi-penal-dhe-ndryshimet-pozitive-osmani-vendet-qe-jane-pretendente-per-be-te-ndjekin-shembullin-e-rmv-se","status":"publish","type":"post","link":"https:\/\/indeks.bilten.mk\/?p=15992","title":{"rendered":"Kodi Penal dhe ndryshimet pozitive, Osmani: Vendet q\u00eb jan\u00eb pretendente p\u00ebr BE t\u00eb ndjekin shembullin e RMV-s\u00eb"},"content":{"rendered":"<p>Profesori i t\u00eb Drejt\u00ebs Penale, Afrim Osmani nj\u00ebher\u00eb edhe ambientalist i njohur n\u00eb vendin ton\u00eb, ka p\u00ebrsh\u00ebndetur vendimin e deputet\u00ebve t\u00eb cil\u00ebt dit\u00eb m\u00eb par\u00eb votuan \u201cpro\u201d ndryshimit t\u00eb kodit penal dhe me k\u00ebt\u00eb ekocidin e vendos\u00ebn n\u00eb kodin penal dhe sipas tij, personat q\u00eb do t\u00eb kryejn\u00eb krime n\u00eb natyr\u00eb do t\u00eb d\u00ebnohen me d\u00ebnimin e merituar.<\/p>\n<p>Shton se Maqedonia \u00ebsht\u00eb vendi i par\u00eb q\u00eb merr nj\u00eb vendim t\u00eb till\u00eb dhe se t\u00eb nj\u00ebjtin duhet ta ndjekin t\u00eb gjith\u00eb shtetet e rajonit q\u00eb kan\u00eb p\u00ebr q\u00ebllim integrimin n\u00eb Bashkimin Evropian.<\/p>\n<p>\u201cJemi nd\u00ebr vendet e para n\u00eb Ballkanin Perendimor\u00eb por edhe m\u00eb gj\u00ebr\u00eb, q\u00eb inkorporojm\u00eb nj\u00eb vep\u00ebr t\u00eb till\u00eb n\u00eb kuad\u00ebr t\u00eb kapitullit t\u00eb veprave penale kund\u00ebr mjedisit jet\u00ebsor\u00eb dhe natyr\u00ebs, ajo ishte Ekocidi\u201d, tha Osmani. <\/p>\n<p>Kur jemi te ky ndryshim, profesor Osmani ka nj\u00eb apel p\u00ebr t\u00eb gjith\u00eb vendet q\u00eb pretendojn\u00eb integrimin n\u00eb BE.<\/p>\n<p>\u201cPersonalisht kam b\u00ebr\u00eb thirrje, edhe si penalist, po edhe si ambientalist edhe t\u00eb gjitha vendet tjera p\u00ebrreth, n\u00eb ve\u00e7anti ato t\u00eb Ballkanit Perendimor\u00eb q\u00eb synojn\u00eb integrimin n\u00eb strukturat evropiane q\u00eb ta ndjekin k\u00ebt\u00eb shembull t\u00eb Maqedonis\u00eb q\u00eb t\u00eb tregohet seriozitet n\u00eb luft\u00ebn kund\u00ebr kriminalitetit ekologjik\u201d, deklaroi profesor Osmani. \/indeks.mk\/<\/p>\n<p>P\u00ebr m\u00eb tep\u00ebr, ndiqeni prononcimin e profesorit Afrim Osmani.<\/p>\n<p><iframe loading=\"lazy\" title=\"Kodi Pena l\/ Osmani: Vendet q\u00eb jan\u00eb pretendente p\u00ebr BE t\u00eb ndjekin shembullin e RMV-s\u00eb\" width=\"640\" height=\"360\" src=\"https:\/\/www.youtube.com\/embed\/_lvWxecVzxg?feature=oembed\" frameborder=\"0\" allow=\"accelerometer; autoplay; clipboard-write; encrypted-media; gyroscope; picture-in-picture; web-share\" referrerpolicy=\"strict-origin-when-cross-origin\" allowfullscreen><\/iframe><\/p>\n<p><iframe loading=\"lazy\" src=\"https:\/\/www.facebook.com\/plugins\/video.php?height=317&#038;href=https%3A%2F%2Fwww.facebook.com%2Fwww.indeks.mk%2Fvideos%2F611804244446549%2F&#038;show_text=false&#038;width=560&#038;t=0\" width=\"560\" height=\"317\" style=\"border:none;overflow:hidden\" scrolling=\"no\" frameborder=\"0\" allowfullscreen=\"true\" allow=\"autoplay; clipboard-write; encrypted-media; picture-in-picture; web-share\" allowFullScreen=\"true\"><\/iframe><\/p>\n","protected":false},"excerpt":{"rendered":"<p>Profesori i t\u00eb Drejt\u00ebs Penale, Afrim Osmani nj\u00ebher\u00eb edhe ambientalist i njohur n\u00eb vendin ton\u00eb, ka p\u00ebrsh\u00ebndetur vendimin e deputet\u00ebve t\u00eb cil\u00ebt dit\u00eb m\u00eb par\u00eb<\/p>\n","protected":false},"author":14,"featured_media":15993,"comment_status":"open","ping_status":"open","sticky":false,"template":"","format":"standard","meta":{"footnotes":""},"categories":[44],"tags":[],"class_list":["post-15992","post","type-post","status-publish","format-standard","has-post-thumbnail","hentry","category-maqedoni"],"_links":{"self":[{"href":"https:\/\/indeks.bilten.mk\/index.php?rest_route=\/wp\/v2\/posts\/15992","targetHints":{"allow":["GET"]}}],"collection":[{"href":"https:\/\/indeks.bilten.mk\/index.php?rest_route=\/wp\/v2\/posts"}],"about":[{"href":"https:\/\/indeks.bilten.mk\/index.php?rest_route=\/wp\/v2\/types\/post"}],"author":[{"embeddable":true,"href":"https:\/\/indeks.bilten.mk\/index.php?rest_route=\/wp\/v2\/users\/14"}],"replies":[{"embeddable":true,"href":"https:\/\/indeks.bilten.mk\/index.php?rest_route=%2Fwp%2Fv2%2Fcomments&post=15992"}],"version-history":[{"count":0,"href":"https:\/\/indeks.bilten.mk\/index.php?rest_route=\/wp\/v2\/posts\/15992\/revisions"}],"wp:featuredmedia":[{"embeddable":true,"href":"https:\/\/indeks.bilten.mk\/index.php?rest_route=\/wp\/v2\/media\/15993"}],"wp:attachment":[{"href":"https:\/\/indeks.bilten.mk\/index.php?rest_route=%2Fwp%2Fv2%2Fmedia&parent=15992"}],"wp:term":[{"taxonomy":"category","embeddable":true,"href":"https:\/\/indeks.bilten.mk\/index.php?rest_route=%2Fwp%2Fv2%2Fcategories&post=15992"},{"taxonomy":"post_tag","embeddable":true,"href":"https:\/\/indeks.bilten.mk\/index.php?rest_route=%2Fwp%2Fv2%2Ftags&post=15992"}],"curies":[{"name":"wp","href":"https:\/\/api.w.org\/{rel}","templated":true}]}}