{"id":15996,"date":"2023-09-07T21:15:03","date_gmt":"2023-09-07T19:15:03","guid":{"rendered":"https:\/\/indeks.mk\/?p=15996"},"modified":"2023-09-07T21:15:55","modified_gmt":"2023-09-07T19:15:55","slug":"ambasada-amerikane-nuk-i-komenton-ndryshimet-ne-kodin-penal-akoma-nuk-i-kemi-pare","status":"publish","type":"post","link":"https:\/\/indeks.bilten.mk\/?p=15996","title":{"rendered":"Ambasada Amerikane nuk i komenton ndryshimet n\u00eb Kodin Penal: Akoma nuk i kemi par\u00eb"},"content":{"rendered":"<p>Ambasada Amerikane n\u00eb Shkup pritet q\u00eb t&#8217;i shqyrtoj\u00eb ndryshimet n\u00eb Kodin Penal, me t\u00eb cilat parashihet zvog\u00eblimi i d\u00ebnimeve p\u00ebr keqp\u00ebrdorim t\u00eb pozit\u00ebs zyrtare dhe p\u00ebr bashk\u00ebpunim kriminal, t\u00eb cilat u miratuan n\u00eb Kuvend pas procedur\u00ebs s\u00eb shkurtuar.<\/p>\n<p>\u201cNuk i kemi par\u00eb ndryshimet n\u00eb Kodin Penal t\u00eb miratuara s\u00eb fundmi n\u00eb parlament. Ne mezi presim t&#8217;i shqyrtojm\u00eb ato dhe shpresojm\u00eb q\u00eb ato t\u00eb jen\u00eb n\u00eb p\u00ebrputhje me standardet nd\u00ebrkomb\u00ebtare dhe proceset ligjore\u201d, than\u00eb nga Ambasada e SHBA-ve p\u00ebr TV 24.<\/p>\n<p>Delegacioni i Bashkimit Evropian tha dje se nuk mund t\u00eb komentoj\u00eb ende p\u00ebrdorimin e flamurit t\u00eb BE-s\u00eb n\u00eb k\u00ebt\u00eb rast konkret.<\/p>\n<p>Ndryshimet n\u00eb Kodin Penal u miratuan dje me 48 vota \u201cp\u00ebr\u201d, 36 \u201ckund\u00ebr\u201d dhe nj\u00eb t\u00eb p\u00ebrmbajtur. <\/p>\n","protected":false},"excerpt":{"rendered":"<p>Ambasada Amerikane n\u00eb Shkup pritet q\u00eb t&#8217;i shqyrtoj\u00eb ndryshimet n\u00eb Kodin Penal, me t\u00eb cilat parashihet zvog\u00eblimi i d\u00ebnimeve p\u00ebr keqp\u00ebrdorim t\u00eb pozit\u00ebs zyrtare dhe<\/p>\n","protected":false},"author":14,"featured_media":0,"comment_status":"open","ping_status":"open","sticky":false,"template":"","format":"standard","meta":{"footnotes":""},"categories":[44],"tags":[],"class_list":["post-15996","post","type-post","status-publish","format-standard","hentry","category-maqedoni"],"_links":{"self":[{"href":"https:\/\/indeks.bilten.mk\/index.php?rest_route=\/wp\/v2\/posts\/15996","targetHints":{"allow":["GET"]}}],"collection":[{"href":"https:\/\/indeks.bilten.mk\/index.php?rest_route=\/wp\/v2\/posts"}],"about":[{"href":"https:\/\/indeks.bilten.mk\/index.php?rest_route=\/wp\/v2\/types\/post"}],"author":[{"embeddable":true,"href":"https:\/\/indeks.bilten.mk\/index.php?rest_route=\/wp\/v2\/users\/14"}],"replies":[{"embeddable":true,"href":"https:\/\/indeks.bilten.mk\/index.php?rest_route=%2Fwp%2Fv2%2Fcomments&post=15996"}],"version-history":[{"count":0,"href":"https:\/\/indeks.bilten.mk\/index.php?rest_route=\/wp\/v2\/posts\/15996\/revisions"}],"wp:attachment":[{"href":"https:\/\/indeks.bilten.mk\/index.php?rest_route=%2Fwp%2Fv2%2Fmedia&parent=15996"}],"wp:term":[{"taxonomy":"category","embeddable":true,"href":"https:\/\/indeks.bilten.mk\/index.php?rest_route=%2Fwp%2Fv2%2Fcategories&post=15996"},{"taxonomy":"post_tag","embeddable":true,"href":"https:\/\/indeks.bilten.mk\/index.php?rest_route=%2Fwp%2Fv2%2Ftags&post=15996"}],"curies":[{"name":"wp","href":"https:\/\/api.w.org\/{rel}","templated":true}]}}