{"id":15999,"date":"2023-09-07T23:39:50","date_gmt":"2023-09-07T21:39:50","guid":{"rendered":"https:\/\/indeks.mk\/?p=15999"},"modified":"2023-09-07T23:41:18","modified_gmt":"2023-09-07T21:41:18","slug":"grubi-dimitrievskit-makso-mos-genje-trego-se-a-u-bere-kryetar-komune-me-votat-e-vmro-dpmne-se","status":"publish","type":"post","link":"https:\/\/indeks.bilten.mk\/?p=15999","title":{"rendered":"Grubi Dimitrievskit: Makso, mos g\u00ebnje! Trego se a u b\u00ebre kryetar komune me votat e VMRO-s\u00eb me marr\u00ebveshje nga Budapesti?"},"content":{"rendered":"<p>Z\u00ebvend\u00ebskryeministri i par\u00eb, Artan Grubi, n\u00eb nj\u00eb koment n\u00eb profilin e Maksim Dimitrievskit n\u00eb Facebook, e ka pyet kryetarin e Kumanov\u00ebs se a \u00ebsht\u00eb pajtuar n\u00eb Budapest me VMRO-DPMNE-n\u00eb q\u00eb t&#8217;i jepen votat n\u00eb zgjedhjet lokale me t\u00eb cilat \u00ebsht\u00eb b\u00ebr\u00eb kryetar i Kumanov\u00ebs, pasi Dimitrievski hodhi pretendime mbi ndryshimet e Kodit Penal.<\/p>\n<p>\u201cMakso, nuk t\u00eb duhet t\u00eb g\u00ebnjesh dhe t\u00eb marr\u00ebsh nj\u00eb vendim t\u00eb till\u00eb n\u00eb publik, ve\u00e7se n\u00eb televizion, q\u00eb t\u00eb vazhdosh t\u00eb g\u00ebnjesh n\u00eb Facebook dhe kjo \u00ebsht\u00eb nj\u00eb akt krenarie p\u00ebr ty. Apo kjo \u00ebsht\u00eb vet\u00ebm p\u00ebr t\u00eb qen\u00eb interesante p\u00ebr 5 sekonda dhe jesh n\u00ebp\u00ebr portale?<\/p>\n<p>E di q\u00eb \u00ebsht\u00eb d\u00ebrrmuese, por nuk kam qen\u00eb kurr\u00eb n\u00eb Budapest n\u00eb jet\u00ebn time dhe nuk kam takuar ask\u00ebnd as n\u00eb Budapest e as n\u00eb Hungari.<\/p>\n<p>Ah, m\u00eb lejoni t&#8217;u them miqve tuaj n\u00eb Facebook, a keni marr\u00eb n\u00eb Budapest vendimin q\u00eb VMRO t\u00eb votoj\u00eb p\u00ebr ju n\u00eb zgjedhjet lokale n\u00eb t\u00eb cilat u b\u00ebt\u00eb kryetar i Kumanov\u00ebs?<\/p>\n<p>Por m\u00eb thuaj sinqerisht mos g\u00ebnje m\u00eb!\u201d, ka shkruar Grubi n\u00eb koment.<br \/>\n\u200b<\/p>\n","protected":false},"excerpt":{"rendered":"<p>Z\u00ebvend\u00ebskryeministri i par\u00eb, Artan Grubi, n\u00eb nj\u00eb koment n\u00eb profilin e Maksim Dimitrievskit n\u00eb Facebook, e ka pyet kryetarin e Kumanov\u00ebs se a \u00ebsht\u00eb pajtuar<\/p>\n","protected":false},"author":14,"featured_media":16000,"comment_status":"open","ping_status":"open","sticky":false,"template":"","format":"standard","meta":{"footnotes":""},"categories":[44],"tags":[],"class_list":["post-15999","post","type-post","status-publish","format-standard","has-post-thumbnail","hentry","category-maqedoni"],"_links":{"self":[{"href":"https:\/\/indeks.bilten.mk\/index.php?rest_route=\/wp\/v2\/posts\/15999","targetHints":{"allow":["GET"]}}],"collection":[{"href":"https:\/\/indeks.bilten.mk\/index.php?rest_route=\/wp\/v2\/posts"}],"about":[{"href":"https:\/\/indeks.bilten.mk\/index.php?rest_route=\/wp\/v2\/types\/post"}],"author":[{"embeddable":true,"href":"https:\/\/indeks.bilten.mk\/index.php?rest_route=\/wp\/v2\/users\/14"}],"replies":[{"embeddable":true,"href":"https:\/\/indeks.bilten.mk\/index.php?rest_route=%2Fwp%2Fv2%2Fcomments&post=15999"}],"version-history":[{"count":0,"href":"https:\/\/indeks.bilten.mk\/index.php?rest_route=\/wp\/v2\/posts\/15999\/revisions"}],"wp:featuredmedia":[{"embeddable":true,"href":"https:\/\/indeks.bilten.mk\/index.php?rest_route=\/wp\/v2\/media\/16000"}],"wp:attachment":[{"href":"https:\/\/indeks.bilten.mk\/index.php?rest_route=%2Fwp%2Fv2%2Fmedia&parent=15999"}],"wp:term":[{"taxonomy":"category","embeddable":true,"href":"https:\/\/indeks.bilten.mk\/index.php?rest_route=%2Fwp%2Fv2%2Fcategories&post=15999"},{"taxonomy":"post_tag","embeddable":true,"href":"https:\/\/indeks.bilten.mk\/index.php?rest_route=%2Fwp%2Fv2%2Ftags&post=15999"}],"curies":[{"name":"wp","href":"https:\/\/api.w.org\/{rel}","templated":true}]}}