{"id":16004,"date":"2023-09-08T09:47:21","date_gmt":"2023-09-08T07:47:21","guid":{"rendered":"https:\/\/indeks.mk\/?p=16004"},"modified":"2023-09-08T09:47:21","modified_gmt":"2023-09-08T07:47:21","slug":"maqedonia-e-veriut-sot-shenon-32-vjetorin-e-pavaresise","status":"publish","type":"post","link":"https:\/\/indeks.bilten.mk\/?p=16004","title":{"rendered":"Maqedonia e Veriut sot sh\u00ebnon 32-vjetorin e pavar\u00ebsis\u00eb"},"content":{"rendered":"<p>Me rastin e 8 Shtatorit \u2013 Dit\u00ebs s\u00eb Pavar\u00ebsis\u00eb s\u00eb Republik\u00ebs s\u00eb Maqedonis\u00eb s\u00eb Veriut, organizuar nga Qeveria, n\u00ebn moton \u201cLajm\u00ebtar i Liris\u00eb\u201d, do t\u00eb mbahen disa ngjarje dhe aktivitete ceremoniale dhe kulturore n\u00eb mbar\u00eb vendin.<\/p>\n<p>N\u00eb or\u00ebn 10:00, delegacioni qeveritar i kryesuar nga kryeministri Dimitar Kova\u00e7evski, n\u00eb p\u00ebrb\u00ebrje nga z\u00ebvend\u00ebskryeministri i Par\u00eb dhe minist\u00ebr p\u00ebr Sistem Politik dhe Marr\u00ebdh\u00ebnie nd\u00ebrmjet Bashk\u00ebsive, Artan Grubi, ministrja e Mbrojtjes Sllavjanka Petrovska, ministri i Pun\u00ebve t\u00eb Brendshme Oliver Spasovski dhe ministri i Sh\u00ebndet\u00ebsis\u00eb Fatmir Mexhiti, do t\u00eb vendosin lule t\u00eb fresk\u00ebta n\u00eb vendpushimet e p\u00ebrjetshme t\u00eb ish-president\u00ebve t\u00eb vendit, Kiro Gligorov dhe Boris Trajkovski, n\u00eb Alen\u00eb e kolos\u00ebve n\u00eb Varrezat e qytetit \u201cButel\u201d n\u00eb Shkup.<\/p>\n<p>N\u00eb or\u00ebn 10:45, kryeministri Dimitar Kova\u00e7evski dhe ministri i Sh\u00ebndet\u00ebsis\u00eb Fatmir Mexhiti s\u00eb bashku me drejtorin e SPQ \u201c8 Shtatori\u201d dr. Hristijan Kostov, n\u00eb SPQ \u201c8 Shtatori\u201d, do t\u00eb marrin pjes\u00eb n\u00eb prezantimin e pajisjeve dhe aparateve t\u00eb reja, pas s\u00eb cil\u00ebs do t\u00eb ket\u00eb deklarata p\u00ebr media.<\/p>\n<p>Sh\u00ebnimi i Dit\u00ebs s\u00eb Pavar\u00ebsis\u00eb do t\u00eb vazhdoj\u00eb n\u00eb Parkun e Qytetit n\u00eb Shkup, n\u00eb zon\u00ebn af\u00ebr lokacionit \u201cGuaca\u201d, ku do t\u00eb mbahen ushtrime demonstruese taktike t\u00eb nj\u00ebsive t\u00eb Armat\u00ebs s\u00eb Republik\u00ebs s\u00eb Maqedonis\u00eb s\u00eb Veriut dhe MPB-s\u00eb. N\u00eb lokacionin \u201cGuaca\u201d \u00ebsht\u00eb parapar\u00eb nj\u00eb program kulturo-artistik, n\u00eb t\u00eb cilin orkestra ushtarake e Armat\u00ebs s\u00eb Maqedonis\u00eb s\u00eb Veriut, shoqatat kulturore dhe artistike, si dhe program p\u00ebr f\u00ebmij\u00eb, me pjes\u00ebmarrje t\u00eb Teatrit p\u00ebr F\u00ebmij\u00eb dhe t\u00eb Rinj t\u00eb cil\u00ebt do t\u00eb interpretojn\u00eb shfaqjen \u201cGiga Mega P\u00ebrrall\u00eb\u201d, n\u00eb regji t\u00eb Hana Milenkovsk\u00ebs, vep\u00ebr e Gorjan Milloshevskit (n\u00eb baz\u00eb t\u00eb motiveve t\u00eb Sh. Pero).<\/p>\n","protected":false},"excerpt":{"rendered":"<p>Me rastin e 8 Shtatorit \u2013 Dit\u00ebs s\u00eb Pavar\u00ebsis\u00eb s\u00eb Republik\u00ebs s\u00eb Maqedonis\u00eb s\u00eb Veriut, organizuar nga Qeveria, n\u00ebn moton \u201cLajm\u00ebtar i Liris\u00eb\u201d, do t\u00eb<\/p>\n","protected":false},"author":14,"featured_media":16005,"comment_status":"open","ping_status":"open","sticky":false,"template":"","format":"standard","meta":{"footnotes":""},"categories":[44],"tags":[],"class_list":["post-16004","post","type-post","status-publish","format-standard","has-post-thumbnail","hentry","category-maqedoni"],"_links":{"self":[{"href":"https:\/\/indeks.bilten.mk\/index.php?rest_route=\/wp\/v2\/posts\/16004","targetHints":{"allow":["GET"]}}],"collection":[{"href":"https:\/\/indeks.bilten.mk\/index.php?rest_route=\/wp\/v2\/posts"}],"about":[{"href":"https:\/\/indeks.bilten.mk\/index.php?rest_route=\/wp\/v2\/types\/post"}],"author":[{"embeddable":true,"href":"https:\/\/indeks.bilten.mk\/index.php?rest_route=\/wp\/v2\/users\/14"}],"replies":[{"embeddable":true,"href":"https:\/\/indeks.bilten.mk\/index.php?rest_route=%2Fwp%2Fv2%2Fcomments&post=16004"}],"version-history":[{"count":0,"href":"https:\/\/indeks.bilten.mk\/index.php?rest_route=\/wp\/v2\/posts\/16004\/revisions"}],"wp:featuredmedia":[{"embeddable":true,"href":"https:\/\/indeks.bilten.mk\/index.php?rest_route=\/wp\/v2\/media\/16005"}],"wp:attachment":[{"href":"https:\/\/indeks.bilten.mk\/index.php?rest_route=%2Fwp%2Fv2%2Fmedia&parent=16004"}],"wp:term":[{"taxonomy":"category","embeddable":true,"href":"https:\/\/indeks.bilten.mk\/index.php?rest_route=%2Fwp%2Fv2%2Fcategories&post=16004"},{"taxonomy":"post_tag","embeddable":true,"href":"https:\/\/indeks.bilten.mk\/index.php?rest_route=%2Fwp%2Fv2%2Ftags&post=16004"}],"curies":[{"name":"wp","href":"https:\/\/api.w.org\/{rel}","templated":true}]}}