{"id":16007,"date":"2023-09-08T09:54:39","date_gmt":"2023-09-08T07:54:39","guid":{"rendered":"https:\/\/indeks.mk\/?p=16007"},"modified":"2023-09-08T09:54:39","modified_gmt":"2023-09-08T07:54:39","slug":"ne-france-zyrtarisht-hyn-ne-fuqi-ndalesa-e-mbuleses-islame-ne-shkolla","status":"publish","type":"post","link":"https:\/\/indeks.bilten.mk\/?p=16007","title":{"rendered":"N\u00eb Franc\u00eb zyrtarisht hyn n\u00eb fuqi ndalesa e mbules\u00ebs islame n\u00eb shkolla"},"content":{"rendered":"<p>Gjykata Supreme e Franc\u00ebs e ka miratuar ndales\u00ebn kontroverse p\u00ebr veshje t\u00eb kostumit abaja n\u00eb shkolla.<\/p>\n<p>Gjykata e ka refuzuar t\u00eb enjten nj\u00eb apel urgjent t\u00eb Asociacionit p\u00ebr Mbrojtje t\u00eb t\u00eb Drejtave t\u00eb Mysliman\u00ebve kund\u00ebr ndales\u00ebs ndaj kostumit t\u00eb veshur nga grat\u00eb myslimane.<\/p>\n<p>Sipas gjykat\u00ebs, ndalesa nuk p\u00ebrb\u00ebn ndales\u00eb serioze n\u00eb lirit\u00eb themelore.<\/p>\n<p>Prej nisjes s\u00eb vitit shkollor k\u00ebt\u00eb vit, ministri francez i Edukimit, Gabriel Attall, e ka ndaluar veshjen e kostumit abaja dhe veshjen e kostumit t\u00eb ngjash\u00ebm p\u00ebr burrat.<\/p>\n<p>Ai e ka bazuar k\u00ebt\u00eb vendim n\u00eb ndales\u00ebn p\u00ebr paraqitje t\u00eb simboleve fetare n\u00eb shkollat e Franc\u00ebs, t\u00eb cilat jan\u00eb t\u00eb p\u00ebrkushtuara n\u00eb sekulariz\u00ebm \u2013 ndarjen e plot\u00eb mes shtetit dhe fes\u00eb.<\/p>\n<p>Gjykata franceze ka th\u00ebn\u00eb se rritja e numrit t\u00eb personave q\u00eb e veshin kostumin abaya n\u00eb shkolla ka prapavij\u00eb fetare dhe ligji ua ndalon nx\u00ebn\u00ebsve n\u00eb shkolla q\u00eb t\u00eb veshin di\u00e7ka q\u00eb jep shenja p\u00ebr lidhjet e tyre me fen\u00eb.<\/p>\n<p>Mbulesa n\u00eb kok\u00eb ka koh\u00eb q\u00eb \u00ebsht\u00eb ndaluar n\u00eb Fran\u00eb.<\/p>\n<p>Ky shtet ka ligje t\u00eb ashpra p\u00ebr sekularizmin n\u00eb t\u00eb gjitha fushat e shoq\u00ebris\u00eb, \u00e7ka me raste ka nxitur tensione n\u00eb mes t\u00eb popullsis\u00eb diverse.\/REL<\/p>\n","protected":false},"excerpt":{"rendered":"<p>Gjykata Supreme e Franc\u00ebs e ka miratuar ndales\u00ebn kontroverse p\u00ebr veshje t\u00eb kostumit abaja n\u00eb shkolla. Gjykata e ka refuzuar t\u00eb enjten nj\u00eb apel urgjent<\/p>\n","protected":false},"author":14,"featured_media":16008,"comment_status":"open","ping_status":"open","sticky":false,"template":"","format":"standard","meta":{"footnotes":""},"categories":[46],"tags":[],"class_list":["post-16007","post","type-post","status-publish","format-standard","has-post-thumbnail","hentry","category-bota"],"_links":{"self":[{"href":"https:\/\/indeks.bilten.mk\/index.php?rest_route=\/wp\/v2\/posts\/16007","targetHints":{"allow":["GET"]}}],"collection":[{"href":"https:\/\/indeks.bilten.mk\/index.php?rest_route=\/wp\/v2\/posts"}],"about":[{"href":"https:\/\/indeks.bilten.mk\/index.php?rest_route=\/wp\/v2\/types\/post"}],"author":[{"embeddable":true,"href":"https:\/\/indeks.bilten.mk\/index.php?rest_route=\/wp\/v2\/users\/14"}],"replies":[{"embeddable":true,"href":"https:\/\/indeks.bilten.mk\/index.php?rest_route=%2Fwp%2Fv2%2Fcomments&post=16007"}],"version-history":[{"count":0,"href":"https:\/\/indeks.bilten.mk\/index.php?rest_route=\/wp\/v2\/posts\/16007\/revisions"}],"wp:featuredmedia":[{"embeddable":true,"href":"https:\/\/indeks.bilten.mk\/index.php?rest_route=\/wp\/v2\/media\/16008"}],"wp:attachment":[{"href":"https:\/\/indeks.bilten.mk\/index.php?rest_route=%2Fwp%2Fv2%2Fmedia&parent=16007"}],"wp:term":[{"taxonomy":"category","embeddable":true,"href":"https:\/\/indeks.bilten.mk\/index.php?rest_route=%2Fwp%2Fv2%2Fcategories&post=16007"},{"taxonomy":"post_tag","embeddable":true,"href":"https:\/\/indeks.bilten.mk\/index.php?rest_route=%2Fwp%2Fv2%2Ftags&post=16007"}],"curies":[{"name":"wp","href":"https:\/\/api.w.org\/{rel}","templated":true}]}}