{"id":16013,"date":"2023-09-08T12:24:30","date_gmt":"2023-09-08T10:24:30","guid":{"rendered":"https:\/\/indeks.mk\/?p=16013"},"modified":"2023-09-08T12:24:30","modified_gmt":"2023-09-08T10:24:30","slug":"ahmeti-uron-qytetaret-per-32-vjetorin-e-pavaresise-se-maqedonise-se-veriut-ne-e-kemi-vendin-ne-be","status":"publish","type":"post","link":"https:\/\/indeks.bilten.mk\/?p=16013","title":{"rendered":"Ahmeti uron qytetar\u00ebt p\u00ebr 32 vjetorin e pavar\u00ebsis\u00eb s\u00eb Maqedonis\u00eb s\u00eb Veriut: Ne e kemi vendin n\u00eb BE!"},"content":{"rendered":"<p>Kryetari i Bashkimit Demokratik p\u00ebr Integrim, Ali Ahmeti ka uruar t\u00eb gjith\u00eb qytetar\u00ebt e Maqedonis\u00eb s\u00eb Veriut me rastin e 32 vjetorit t\u00eb pavar\u00ebsis\u00eb s\u00eb shtetit.<\/p>\n<p>Ahmeti n\u00eb urimin e tij n\u00eb Facebook shkruan se n\u00eb k\u00ebto vite shtet\u00ebsi, \u00e7do proces i r\u00ebnd\u00ebsish\u00ebm p\u00ebr vendin u arrit nga vullneti i mir\u00eb i t\u00eb gjith\u00eb popujve q\u00eb jetojn\u00eb n\u00eb Maqedoni, q\u00eb gjithmon\u00eb dit\u00ebn t\u00eb zgjedhin rrug\u00ebn drejt paqes, stablitetit dhe progresit.<\/p>\n<p>Statusi i plot\u00eb:<\/p>\n<p>T\u00eb nderuar qytetar\u00eb<\/p>\n<p>Sot vendi yn\u00eb sh\u00ebnon 32 vjetorin e pavar\u00ebsis\u00eb, nj\u00eb rrug\u00ebtim i gjat\u00eb sfidash t\u00eb tejkaluara me sukses fal\u00eb vendosshm\u00ebris\u00eb son\u00eb p\u00ebr t\u00eb hap\u00ebruar drejt p\u00ebrparimit.<\/p>\n<p>\u00c7do e arritur e k\u00ebtij vendi ka vul\u00ebn e kontributit t\u00eb t\u00eb gjith\u00eb popujve q\u00eb jetojn\u00eb e veprojn\u00eb k\u00ebtu me t\u00eb njejtat aspirata progresive.<\/p>\n<p>Liri, barazi, paqe, siguri, stabilitet, zhvillim ekonomik, bashk\u00ebpunim nd\u00ebrfqinj\u00ebor, partneritet proper\u00ebndimor, NATO dhe Bashkim Europian ishin kryefjala e kapitujve q\u00eb i shkruam s\u00eb bashku.<\/p>\n<p>Marr\u00ebveshja e Ohrit, Marr\u00ebveshja e Presp\u00ebs dhe ajo e fqinj\u00ebsis\u00eb s\u00eb mir\u00eb jan\u00eb bazamenti i progresit t\u00eb sh\u00ebnuar p\u00ebrmes pajtimit dhe vet\u00ebdij\u00ebsimit se vet\u00ebm bashk\u00eb mund t\u00eb thyejm\u00eb \u00e7do barrier\u00eb penguese.<\/p>\n<p>Sot le t\u00eb kujtojm\u00eb edhe t\u00eb gjitha tendencat dezorientuese, st\u00ebrk\u00ebmb\u00ebzat e vendosura dhe skepticizimin e shum\u00eb forcave regresive t\u00eb mposhtur me vepra, p\u00ebr t\u00eb mos lejuar stagnimin dhe vonesat e panevojshme tani n\u00eb \u00e7astet vendimtare p\u00ebr t\u00eb ardhmen ton\u00eb europiane.<\/p>\n<p>Kjo tok\u00eb \u00ebsht\u00eb vendlindja jon\u00eb, prandaj bashk\u00eb n\u00ebn frym\u00ebzimin e t\u00eb arriturave t\u00eb deritanishme, le t\u00eb vazhdojm\u00eb hap\u00ebrimin drejt horizontit t\u00eb Bashkimit Europian, aty ku e kemi vendin.<\/p>\n<p>G\u00ebzuar 8 Shtatorin &#8211; Dit\u00ebn e Pavar\u00ebsis\u00eb s\u00eb vendit ton\u00eb!<\/p>\n<p><iframe loading=\"lazy\" src=\"https:\/\/www.facebook.com\/plugins\/post.php?href=https%3A%2F%2Fwww.facebook.com%2FAliAhmetiOfficial%2Fposts%2Fpfbid02TfQszfBTTQV5WmR6zzcRgGdVm56G25ucKvFTUV7nyEgdTrzunPpZ1NzzBfnKsVWFl&#038;show_text=true&#038;width=500\" width=\"500\" height=\"698\" style=\"border:none;overflow:hidden\" scrolling=\"no\" frameborder=\"0\" allowfullscreen=\"true\" allow=\"autoplay; clipboard-write; encrypted-media; picture-in-picture; web-share\"><\/iframe>&nbsp;<\/p>\n","protected":false},"excerpt":{"rendered":"<p>Kryetari i Bashkimit Demokratik p\u00ebr Integrim, Ali Ahmeti ka uruar t\u00eb gjith\u00eb qytetar\u00ebt e Maqedonis\u00eb s\u00eb Veriut me rastin e 32 vjetorit t\u00eb pavar\u00ebsis\u00eb s\u00eb<\/p>\n","protected":false},"author":14,"featured_media":0,"comment_status":"open","ping_status":"open","sticky":false,"template":"","format":"standard","meta":{"footnotes":""},"categories":[44],"tags":[],"class_list":["post-16013","post","type-post","status-publish","format-standard","hentry","category-maqedoni"],"_links":{"self":[{"href":"https:\/\/indeks.bilten.mk\/index.php?rest_route=\/wp\/v2\/posts\/16013","targetHints":{"allow":["GET"]}}],"collection":[{"href":"https:\/\/indeks.bilten.mk\/index.php?rest_route=\/wp\/v2\/posts"}],"about":[{"href":"https:\/\/indeks.bilten.mk\/index.php?rest_route=\/wp\/v2\/types\/post"}],"author":[{"embeddable":true,"href":"https:\/\/indeks.bilten.mk\/index.php?rest_route=\/wp\/v2\/users\/14"}],"replies":[{"embeddable":true,"href":"https:\/\/indeks.bilten.mk\/index.php?rest_route=%2Fwp%2Fv2%2Fcomments&post=16013"}],"version-history":[{"count":0,"href":"https:\/\/indeks.bilten.mk\/index.php?rest_route=\/wp\/v2\/posts\/16013\/revisions"}],"wp:attachment":[{"href":"https:\/\/indeks.bilten.mk\/index.php?rest_route=%2Fwp%2Fv2%2Fmedia&parent=16013"}],"wp:term":[{"taxonomy":"category","embeddable":true,"href":"https:\/\/indeks.bilten.mk\/index.php?rest_route=%2Fwp%2Fv2%2Fcategories&post=16013"},{"taxonomy":"post_tag","embeddable":true,"href":"https:\/\/indeks.bilten.mk\/index.php?rest_route=%2Fwp%2Fv2%2Ftags&post=16013"}],"curies":[{"name":"wp","href":"https:\/\/api.w.org\/{rel}","templated":true}]}}