{"id":16014,"date":"2023-09-08T11:45:41","date_gmt":"2023-09-08T09:45:41","guid":{"rendered":"https:\/\/indeks.mk\/?p=16014"},"modified":"2023-09-08T12:21:25","modified_gmt":"2023-09-08T10:21:25","slug":"grubi-paralajmeron-padi-ndaj-dimitrevskit-budapesti-eshte-cerdhja-jote-si-kryetar-komune-i-vmro-se","status":"publish","type":"post","link":"https:\/\/indeks.bilten.mk\/?p=16014","title":{"rendered":"Grubi paralajm\u00ebron padi ndaj Dimitrevskit, Budapesti \u00ebsht\u00eb \u201c\u00e7erdhja\u201d jote si kryetar komune i VMRO-s\u00eb"},"content":{"rendered":"<p>Z\u00ebvend\u00ebskryeminist\u00ebr i par\u00eb dhe Minist\u00ebr p\u00ebr Sistem Politik dhe Marr\u00ebdh\u00ebnie Nd\u00ebrmjet Bashk\u00ebsive \u2013 Artan Grubi ka k\u00ebrkuar nga kryetari i Kumanov\u00ebs Maksim Dimitreivski q\u00eb t\u00eb k\u00ebrkoj\u00eb falje publike, n\u00eb t\u00eb kund\u00ebrt\u00ebn paralajm\u00ebron se do t\u00eb ngre padi.<\/p>\n<p>Ai k\u00ebt\u00eb e ka deklaruar p\u00ebr media, pasi q\u00eb kreu i Kumanov\u00ebs &#8211; Dimitrevski ka deklaruar se Grubi ka q\u00ebndruar p\u00ebr vizit\u00eb n\u00eb Budapest t\u00eb Hungaris\u00eb p\u00ebr t\u00eb k\u00ebrkuar mb\u00ebshtetje p\u00ebr ndryshimet n\u00eb Kodin Penal, duke aluduar n\u00eb n\u00eb takim me ish-kryemnistrin Nikolla Gruevski.<\/p>\n<blockquote><p>\u201cI jam p\u00ebrgjigjur drejtp\u00ebrdrejt kryetarit t\u00eb Komun\u00ebs s\u00eb Kumanov\u00ebs. N\u00eb fakt e kam thirrur p\u00ebr t\u00eb k\u00ebrkuar falje dhe ja ku po i k\u00ebrkoj edhe nj\u00ebher\u00eb q\u00eb t\u00eb k\u00ebrkoj\u00eb falje publike p\u00ebr g\u00ebnjeshtr\u00ebn flagrante se gjoja un\u00eb kam qen\u00eb n\u00eb Budapest dhe jam takuar me njer\u00ebz atje p\u00ebr t\u00eb diskutuar ndryshimet n\u00eb Kodin Penal. Un\u00eb kurr\u00eb n\u00eb jet\u00ebn time nuk kam qen\u00eb n\u00eb Budapest, as n\u00eb Hungari, as nuk kam takuar dik\u00eb atje, prandaj them se zoti Dimitrievski g\u00ebnjen paturp\u00ebsisht. Po ashtu publikisht i kam k\u00ebrkuar q\u00eb t&#8217;u thot\u00eb qytetar\u00ebve n\u00ebse Dimitrievski ka qen\u00eb vet n\u00eb Budapest p\u00ebr ta vizituar personin p\u00ebr t\u00eb cilin aludon dhe p\u00ebr t\u00eb k\u00ebrkuar mb\u00ebshtetje p\u00ebr zgjedhjet lokale, n\u00eb t\u00eb cilat ai fitoi me votat e VMRO-DPMNE-s\u00eb, duke u b\u00ebr\u00eb k\u00ebshtu kryetari i par\u00eb \u2018Vmro-vist\u2019 i Komun\u00ebs s\u00eb Kumanov\u00ebs. Shpresoj t\u00eb k\u00ebrkoj\u00eb falje sa m\u00eb shpejt q\u00eb t\u00eb mos shihemi n\u00eb gjyq\u201d, ka deklaruar z\u00ebvend\u00ebskryeminist\u00ebr i par\u00eb i Qeveris\u00eb \u2013 Artan Grubi. <strong>(Indeks.mk)<\/strong><\/p><\/blockquote>\n","protected":false},"excerpt":{"rendered":"<p>Z\u00ebvend\u00ebskryeminist\u00ebr i par\u00eb dhe Minist\u00ebr p\u00ebr Sistem Politik dhe Marr\u00ebdh\u00ebnie Nd\u00ebrmjet Bashk\u00ebsive \u2013 Artan Grubi ka k\u00ebrkuar nga kryetari i Kumanov\u00ebs Maksim Dimitreivski q\u00eb t\u00eb<\/p>\n","protected":false},"author":14,"featured_media":0,"comment_status":"open","ping_status":"open","sticky":false,"template":"","format":"standard","meta":{"footnotes":""},"categories":[44],"tags":[],"class_list":["post-16014","post","type-post","status-publish","format-standard","hentry","category-maqedoni"],"_links":{"self":[{"href":"https:\/\/indeks.bilten.mk\/index.php?rest_route=\/wp\/v2\/posts\/16014","targetHints":{"allow":["GET"]}}],"collection":[{"href":"https:\/\/indeks.bilten.mk\/index.php?rest_route=\/wp\/v2\/posts"}],"about":[{"href":"https:\/\/indeks.bilten.mk\/index.php?rest_route=\/wp\/v2\/types\/post"}],"author":[{"embeddable":true,"href":"https:\/\/indeks.bilten.mk\/index.php?rest_route=\/wp\/v2\/users\/14"}],"replies":[{"embeddable":true,"href":"https:\/\/indeks.bilten.mk\/index.php?rest_route=%2Fwp%2Fv2%2Fcomments&post=16014"}],"version-history":[{"count":0,"href":"https:\/\/indeks.bilten.mk\/index.php?rest_route=\/wp\/v2\/posts\/16014\/revisions"}],"wp:attachment":[{"href":"https:\/\/indeks.bilten.mk\/index.php?rest_route=%2Fwp%2Fv2%2Fmedia&parent=16014"}],"wp:term":[{"taxonomy":"category","embeddable":true,"href":"https:\/\/indeks.bilten.mk\/index.php?rest_route=%2Fwp%2Fv2%2Fcategories&post=16014"},{"taxonomy":"post_tag","embeddable":true,"href":"https:\/\/indeks.bilten.mk\/index.php?rest_route=%2Fwp%2Fv2%2Ftags&post=16014"}],"curies":[{"name":"wp","href":"https:\/\/api.w.org\/{rel}","templated":true}]}}