{"id":16016,"date":"2023-09-08T11:58:25","date_gmt":"2023-09-08T09:58:25","guid":{"rendered":"https:\/\/indeks.mk\/?p=16016"},"modified":"2023-09-08T11:58:25","modified_gmt":"2023-09-08T09:58:25","slug":"artan-grubi-gjithe-deputetet-dhe-partite-politike-parlamentare-sa-me-pare-te-ofrojne-mbeshtetje-per-maqedonine-europiane","status":"publish","type":"post","link":"https:\/\/indeks.bilten.mk\/?p=16016","title":{"rendered":"Artan Grubi: Gjith\u00eb deputet\u00ebt dhe partit\u00eb politike parlamentare sa m\u00eb par\u00eb t\u00eb ofrojn\u00eb mb\u00ebshtetje p\u00ebr Maqedonin\u00eb europiane"},"content":{"rendered":"<p>Z\u00ebvend\u00ebskryeminist\u00ebr i par\u00eb dhe Minist\u00ebr p\u00ebr Sistem Politik dhe Marr\u00ebdh\u00ebnie Nd\u00ebrmjet Bashk\u00ebsive \u2013 Artan Grubi ka uruar qytetar\u00ebt me rastin e \u201c8 Shtatorit\u201d &#8211; Dit\u00ebs s\u00eb pavar\u00ebsis\u00eb s\u00eb Maqedonis\u00eb s\u00eb Veriut, nd\u00ebrsa nga partit\u00eb politike dhe deputet\u00ebt ka k\u00ebrkuar mb\u00ebshtetje p\u00ebr votimin e ndryshimeve kushtetuese, si pengesa e vetme n\u00eb rrug\u00ebn drejt Bashkimit Evropian (BE).<\/p>\n<blockquote><p>\u201cM\u00eb lejoni t&#8217;ju uroj t\u00eb gjith\u00eb qytetar\u00ebve tan\u00eb dit\u00ebn e pavar\u00ebsis\u00eb dhe t\u00eb uroj q\u00eb vendi yn\u00eb t\u00eb b\u00ebhet sa m\u00eb shpejt Maqedonia evropiane. N\u00eb k\u00ebto 32 vite pavar\u00ebsi vendi yn\u00eb ka kaluar n\u00ebp\u00ebr shum\u00eb turbulenca, q\u00eb nga shpallja e pavar\u00ebsis\u00eb deri te konfliktin i vitit 2001, pastaj sfidat me Marr\u00ebveshjen e Presp\u00ebs, Marr\u00ebveshja e Fqinj\u00ebsis\u00eb s\u00eb Mir\u00eb&#8230; Asgj\u00eb nuk ishte e leht\u00eb! Gjith\u00e7ka ishte e v\u00ebshtir\u00eb p\u00ebr ne, por edhe nd\u00ebrtimi i nj\u00eb shteti nuk \u00ebsht\u00eb proces dhe pun\u00eb e leht\u00eb. Marrja e aktit p\u00ebr at\u00eb shtet k\u00ebrkon pun\u00eb dhe sakrific\u00eb, prandaj shpresoj se t\u00eb gjith\u00eb qytetar\u00ebt do ta p\u00ebrkrahin hapin e fundit, q\u00eb jan\u00eb ndryshimet kushtetuese p\u00ebr t\u00eb p\u00ebrmbyllur t\u00ebr\u00eb procesin e marrjes s\u00eb aktit t\u00eb shtet\u00ebsis\u00eb\u201d, deklaroi z\u00ebvend\u00ebskryeminist\u00ebr i par\u00eb Grubi.<\/p><\/blockquote>\n<p>Ai shpreson se t\u00eb gjith\u00eb t\u00eb ky\u00e7urit n\u00eb k\u00ebt\u00eb proces do ta kap\u00ebrcejn\u00eb veten dhe agjendat e tyre p\u00ebr politika ditore, dhe si\u00e7 thekson, ve\u00e7an\u00ebrisht deputet\u00ebt n\u00eb Parlament dhe do ta mb\u00ebshtesin procesin e Maqedonis\u00eb europiane.<\/p>\n<blockquote><p>\u201cVet\u00ebm kjo \u00ebsht\u00eb e vetmja rrug\u00eb p\u00ebr zhvillimin ekonomik dhe afrimin e standardeve tona me standardet evropiane. Posa\u00e7\u00ebrisht u b\u00ebj thirrje t\u00eb gjith\u00eb deputet\u00ebve dhe gjitha partive politike parlamentare q\u00eb sa m\u00eb par\u00eb t\u00eb ofrojn\u00eb mb\u00ebshtetje p\u00ebr nj\u00eb Maqedoni europiane\u201d, n\u00ebnvizoi Grubi. <strong>(Indeks.mk)<\/strong><\/p><\/blockquote>\n","protected":false},"excerpt":{"rendered":"<p>Z\u00ebvend\u00ebskryeminist\u00ebr i par\u00eb dhe Minist\u00ebr p\u00ebr Sistem Politik dhe Marr\u00ebdh\u00ebnie Nd\u00ebrmjet Bashk\u00ebsive \u2013 Artan Grubi ka uruar qytetar\u00ebt me rastin e \u201c8 Shtatorit\u201d &#8211; Dit\u00ebs<\/p>\n","protected":false},"author":14,"featured_media":0,"comment_status":"open","ping_status":"open","sticky":false,"template":"","format":"standard","meta":{"footnotes":""},"categories":[44],"tags":[],"class_list":["post-16016","post","type-post","status-publish","format-standard","hentry","category-maqedoni"],"_links":{"self":[{"href":"https:\/\/indeks.bilten.mk\/index.php?rest_route=\/wp\/v2\/posts\/16016","targetHints":{"allow":["GET"]}}],"collection":[{"href":"https:\/\/indeks.bilten.mk\/index.php?rest_route=\/wp\/v2\/posts"}],"about":[{"href":"https:\/\/indeks.bilten.mk\/index.php?rest_route=\/wp\/v2\/types\/post"}],"author":[{"embeddable":true,"href":"https:\/\/indeks.bilten.mk\/index.php?rest_route=\/wp\/v2\/users\/14"}],"replies":[{"embeddable":true,"href":"https:\/\/indeks.bilten.mk\/index.php?rest_route=%2Fwp%2Fv2%2Fcomments&post=16016"}],"version-history":[{"count":0,"href":"https:\/\/indeks.bilten.mk\/index.php?rest_route=\/wp\/v2\/posts\/16016\/revisions"}],"wp:attachment":[{"href":"https:\/\/indeks.bilten.mk\/index.php?rest_route=%2Fwp%2Fv2%2Fmedia&parent=16016"}],"wp:term":[{"taxonomy":"category","embeddable":true,"href":"https:\/\/indeks.bilten.mk\/index.php?rest_route=%2Fwp%2Fv2%2Fcategories&post=16016"},{"taxonomy":"post_tag","embeddable":true,"href":"https:\/\/indeks.bilten.mk\/index.php?rest_route=%2Fwp%2Fv2%2Ftags&post=16016"}],"curies":[{"name":"wp","href":"https:\/\/api.w.org\/{rel}","templated":true}]}}