{"id":16020,"date":"2023-09-08T12:54:08","date_gmt":"2023-09-08T10:54:08","guid":{"rendered":"https:\/\/indeks.mk\/?p=16020"},"modified":"2023-09-08T12:54:08","modified_gmt":"2023-09-08T10:54:08","slug":"32-vjet-shtet-grubi-koha-eshte-per-maqedonine-europiane","status":"publish","type":"post","link":"https:\/\/indeks.bilten.mk\/?p=16020","title":{"rendered":"32 vjet shtet, Grubi: Koha \u00ebsht\u00eb p\u00ebr Maqedonin\u00eb Europiane!"},"content":{"rendered":"<p>Z\u00ebvend\u00ebskryeministri i par\u00eb, Artan Grubi p\u00ebrmes nj\u00eb postimi n\u00eb faqen e tij zyrtare n\u00eb Facebok, ka uruar t\u00eb gjith\u00eb qytetar\u00ebt e Maqedonis\u00eb s\u00eb Veriut me rastin e 32 vjetorit t\u00eb pavar\u00ebsis\u00eb.<\/p>\n<p>Grubi shkruan se Maqedonia e Veriut n\u00eb k\u00ebto vite ka pasur nj\u00eb rrug\u00ebtim plot me sfida, mir\u00ebpo gjithmon\u00eb \u00ebsht\u00eb gjetur zgjidhja e duhur p\u00ebr t\u00eb nd\u00ebrtuar nj\u00eb shtet demokratik, me barazi, zhvillim dhe me orientim pro europian. <\/p>\n<p>Urimi i plot\u00eb: <\/p>\n<p>N\u00eb p\u00ebrvjetorin e 32-t\u00eb t\u00eb pavar\u00ebsis\u00eb s\u00eb vendit ton\u00eb le t\u00eb reflektojm\u00eb mbi rrug\u00ebtimin tredekad\u00ebsh p\u00ebrplot sfida q\u00eb kishte nj\u00eb horizont t\u00eb vet\u00ebm, at\u00eb t\u00eb demokracis\u00eb, barazis\u00eb, integrimit dhe zhvillimit.<br \/>\nUlje e ngritje p\u00ebrjetuam, ideologji t\u00eb mbrapshta e diskriminuese tentuan t\u00eb ndalin hovin ton\u00eb drejt p\u00ebrparimit, t\u00eb na armiq\u00ebsojn\u00eb me nj\u00ebri-tjetrin, por nuk ia arrit\u00ebn, ja ku jemi sot n\u00eb paqe me nj\u00ebri-tjetrin, n\u00eb paqe me fqinj\u00ebt, an\u00ebtar\u00eb t\u00eb NATO-s dhe me hapa t\u00eb avancuar drejt integrimit n\u00eb Bashkimin Europian.<br \/>\nP\u00ebrmes Marr\u00ebveshjes s\u00eb Ohrit, Marr\u00ebveshjes s\u00eb Presp\u00ebs dhe asaj p\u00ebr fqinj\u00ebsi t\u00eb mir\u00eb i hap\u00ebm vendit perspektiv\u00ebn e pandalshme t\u00eb p\u00ebrparimit mbi parimet e barazis\u00eb dhe demokracis\u00eb konsensuale.<br \/>\nDita e sotme \u00ebsht\u00eb fest\u00eb e \u00e7do populli t\u00eb k\u00ebtij vendi.<br \/>\nKoha \u00ebsht\u00eb p\u00ebr Maqedonin\u00eb Europiane!<br \/>\nG\u00ebzuar 8 Shtatorin!<\/p>\n<p><iframe loading=\"lazy\" src=\"https:\/\/www.facebook.com\/plugins\/post.php?href=https%3A%2F%2Fwww.facebook.com%2FArtanGrubi%2Fposts%2Fpfbid02M5BEBKcGANZRFj6BKA6FSHYKkKWk1ELDVEXFJKuzMdCTrKzB5H5zeZZTAU5sQwGel&#038;show_text=true&#038;width=500\" width=\"500\" height=\"250\" style=\"border:none;overflow:hidden\" scrolling=\"no\" frameborder=\"0\" allowfullscreen=\"true\" allow=\"autoplay; clipboard-write; encrypted-media; picture-in-picture; web-share\"><\/iframe><\/p>\n","protected":false},"excerpt":{"rendered":"<p>Z\u00ebvend\u00ebskryeministri i par\u00eb, Artan Grubi p\u00ebrmes nj\u00eb postimi n\u00eb faqen e tij zyrtare n\u00eb Facebok, ka uruar t\u00eb gjith\u00eb qytetar\u00ebt e Maqedonis\u00eb s\u00eb Veriut me<\/p>\n","protected":false},"author":14,"featured_media":16021,"comment_status":"open","ping_status":"open","sticky":false,"template":"","format":"standard","meta":{"footnotes":""},"categories":[44],"tags":[],"class_list":["post-16020","post","type-post","status-publish","format-standard","has-post-thumbnail","hentry","category-maqedoni"],"_links":{"self":[{"href":"https:\/\/indeks.bilten.mk\/index.php?rest_route=\/wp\/v2\/posts\/16020","targetHints":{"allow":["GET"]}}],"collection":[{"href":"https:\/\/indeks.bilten.mk\/index.php?rest_route=\/wp\/v2\/posts"}],"about":[{"href":"https:\/\/indeks.bilten.mk\/index.php?rest_route=\/wp\/v2\/types\/post"}],"author":[{"embeddable":true,"href":"https:\/\/indeks.bilten.mk\/index.php?rest_route=\/wp\/v2\/users\/14"}],"replies":[{"embeddable":true,"href":"https:\/\/indeks.bilten.mk\/index.php?rest_route=%2Fwp%2Fv2%2Fcomments&post=16020"}],"version-history":[{"count":0,"href":"https:\/\/indeks.bilten.mk\/index.php?rest_route=\/wp\/v2\/posts\/16020\/revisions"}],"wp:featuredmedia":[{"embeddable":true,"href":"https:\/\/indeks.bilten.mk\/index.php?rest_route=\/wp\/v2\/media\/16021"}],"wp:attachment":[{"href":"https:\/\/indeks.bilten.mk\/index.php?rest_route=%2Fwp%2Fv2%2Fmedia&parent=16020"}],"wp:term":[{"taxonomy":"category","embeddable":true,"href":"https:\/\/indeks.bilten.mk\/index.php?rest_route=%2Fwp%2Fv2%2Fcategories&post=16020"},{"taxonomy":"post_tag","embeddable":true,"href":"https:\/\/indeks.bilten.mk\/index.php?rest_route=%2Fwp%2Fv2%2Ftags&post=16020"}],"curies":[{"name":"wp","href":"https:\/\/api.w.org\/{rel}","templated":true}]}}