{"id":16023,"date":"2023-09-08T13:31:11","date_gmt":"2023-09-08T11:31:11","guid":{"rendered":"https:\/\/indeks.mk\/?p=16023"},"modified":"2023-09-08T13:31:11","modified_gmt":"2023-09-08T11:31:11","slug":"32-vjet-nga-pavaresia-ku-ka-mberri-diplomacia-e-vendit","status":"publish","type":"post","link":"https:\/\/indeks.bilten.mk\/?p=16023","title":{"rendered":"32 vjet nga pavar\u00ebsia! Ku ka mb\u00ebrri diplomacia e vendit?"},"content":{"rendered":"<p>Maqedonia e Veriut nga janari i k\u00ebtij viti nisi kryesimin e OSBE-s\u00eb, organizat\u00ebn m\u00eb t\u00eb madhe rajonale t\u00eb siguris\u00eb n\u00eb bot\u00eb. Apo si\u00e7 din\u00eb t\u00eb thot\u00eb kryediplomati hungarez, Sijarto: OSBE \u00ebsht\u00eb organizata e vetme pas OKB-s\u00eb, q\u00eb mund t\u00eb mund\u00ebsoje komunikim midis Lindjes dhe Per\u00ebndimit, me q\u00ebllim q\u00eb t\u00eb arrihet paqja.<\/p>\n<p>1.<\/p>\n<p>Kryediplomati i vendit Bujar Osmani n\u00eb paraqitjet e tij ka konfirmuar se kryesimi me OSBE-n\u00eb po ballafaqohet me sfida t\u00eb m\u00ebdha, marr\u00eb parasysh agresionin rus n\u00eb Ukrain\u00eb, por q\u00eb si kryesues ka realizuar at\u00eb q\u00eb \u00ebsht\u00eb planifikuar deri m\u00eb tash. Por, pa u fokusuar shum\u00eb n\u00eb raportet se \u00e7far\u00eb thon\u00eb nga MPJ se kan\u00eb b\u00ebr\u00eb me kryesimin, kujtojm\u00eb q\u00ebndrimet e faktorit nd\u00ebrkomb\u00ebtar p\u00ebr kryesuesin Bujar Osmani dhe kryesimin e OSBE-s\u00eb n\u00eb p\u00ebrgjith\u00ebsi.  <\/p>\n<p>Sekretari amerikan i shtetit Entoni Blinken: \u201cKryesimi i deritanish\u00ebm i Maqedonis\u00eb s\u00eb Veriut me OSBE-n\u00eb \u00ebsht\u00eb fantastik!\u201d<\/p>\n<p>Melani Zholi, Ministrja e Pun\u00ebve t\u00eb Jashtme e Kanadas\u00eb: \u201cOSBE-ja \u00ebsht\u00eb organizat\u00eb shum\u00eb e r\u00ebnd\u00ebsishme dhe ky moment n\u00eb t\u00eb cilin ju kryesoni OSBE-n\u00eb \u00ebsht\u00eb jasht\u00ebzakonisht i r\u00ebnd\u00ebsish\u00ebm, p\u00ebr t\u00eb cilin dua t&#8217;ju fal\u00ebnderoj personalisht Bujar para gjith\u00eb publikut, sepse e di q\u00eb jeni duke b\u00ebr\u00eb nj\u00eb pun\u00eb t\u00eb v\u00ebshtir\u00eb, t\u00eb jesh Kryesues i OSBE-s\u00eb n\u00eb k\u00ebt\u00eb moment \u00ebsht\u00eb detyr\u00eb mjaft e nd\u00ebrlikuar dhe ju fal\u00ebnderoj p\u00ebr udh\u00ebheqjen tuaj\u201d.<\/p>\n<p>Ministri i Pun\u00ebve t\u00eb Jashtme t\u00eb Austris\u00eb, Aleksander Shallenberg: \u201cSi vend nikoqir i OSBE-s\u00eb, Austria do t\u00eb b\u00ebj\u00eb gjith\u00e7ka q\u00eb \u00ebsht\u00eb e nevojshme p\u00ebr t\u00eb mb\u00ebshtetur Kryesuesin n\u00eb k\u00ebto koh\u00eb t\u00eb v\u00ebshtira dhe m\u00eb duhet t\u00eb them Bujar Osmani, puna juaj \u00ebsht\u00eb e shk\u00eblqyer, e juaja dhe e ekipit tuaj, pik\u00ebrisht n\u00eb k\u00ebto koh\u00eb t\u00eb v\u00ebshtira\u201d.<\/p>\n<p>Kryediplomati \u00e7ek, Lipavski: \u201cD\u00ebshiroj t\u00eb p\u00ebrg\u00ebzoj Maqedonin\u00eb e Veriut dhe personalisht ministrin Osmani p\u00ebr kryesimin e suksessh\u00ebm t\u00eb OSBE-s\u00eb\u201d<\/p>\n<p>2. <\/p>\n<p>Dhe, jo vet\u00ebm OSBE \u00ebsht\u00eb platform\u00eb nd\u00ebrkomb\u00ebtare me t\u00eb cil\u00ebn udh\u00ebheq vendi. Maqedonia e Veriut p\u00ebr momentin po udh\u00ebheq edhe me A5 dhe PBEJL- duke marr\u00eb k\u00ebshtu rol ndryshe n\u00eb sken\u00ebn nd\u00ebrkomb\u00ebtare, t\u00eb pa realizuar deri m\u00eb tash. <\/p>\n<p>Roli ndryshe ka b\u00ebr\u00eb q\u00eb kryediplomati shqiptar i Maqedonis\u00eb me leht\u00ebsi te merr iniciativa dobiprur\u00ebse n\u00eb rajon dhe jo vet\u00ebm.<\/p>\n<p>Iniciativa 8- lidhja e transportit dhe energjis\u00eb p\u00ebrgjat\u00eb Korridorit 8-t\u00eb q\u00eb do t\u00eb sh\u00ebrbej\u00eb si nj\u00eb platform\u00eb politike q\u00eb do t\u00eb siguroj\u00eb nxitjen e bashk\u00ebpunimit t\u00eb nd\u00ebrsjell\u00eb dhe intensifikimin e shk\u00ebmbimeve politike, ekonomike, t\u00eb siguris\u00eb, kulturore dhe sociale midis Maqedonis\u00eb s\u00eb Veriut, Italis\u00eb, Bullgaris\u00eb dhe Shqip\u00ebris\u00eb.<br \/>\nQUAD i Ballkanit Per\u00ebndimor- Maqedonia e Veriut, Shqip\u00ebria, Kosova dhe Mali i Zi. Gjithashtu, nism\u00eb e Ministrit t\u00eb Jasht\u00ebm t\u00eb Maqedonis\u00eb s\u00eb Veriut, Bujar Osmani.<\/p>\n<p>\u201c\u201cPas agresionit t\u00eb Federat\u00ebs Ruse ndaj Ukrain\u00ebs, harmonizimi me Politik\u00ebn e P\u00ebrbashk\u00ebt t\u00eb Jashtme dhe t\u00eb Siguris\u00eb, por edhe m\u00eb gjer\u00eb me pozitat dhe vlerat e bot\u00ebs demokratike, u kthye n\u00eb nj\u00eb nga prioritetet m\u00eb t\u00eb r\u00ebnd\u00ebsishme t\u00eb vendeve q\u00eb aspirojn\u00eb an\u00ebtar\u00ebsimin n\u00eb BE, por edhe si mesazh i qart\u00eb se ku p\u00ebrkasin k\u00ebto vende\u201d, pati deklaruar ministri, Osmani<\/p>\n<p>B6- Format \u201cB6\u201d i takimeve t\u00eb Ministrave p\u00ebr Pun\u00ebt e Jashtme nga rajoni, me q\u00ebllim thellimin e bashk\u00ebpunimit dhe lidhjeve mes vendeve n\u00eb fush\u00ebn e integrimeve evropiane dhe sferat tjera t\u00eb interesit t\u00eb p\u00ebrbashk\u00ebt. <\/p>\n<p>\u201cQ\u00eb t\u00eb mund t\u00eb shfryt\u00ebzojn\u00eb p\u00ebrfitimet nga dialogu i p\u00ebrforcuar politik midis BE-s\u00eb dhe BP-s\u00eb,  duhet t\u00eb intensifikojm\u00eb koordinimin mes nesh p\u00ebr fushat e interesit t\u00eb nd\u00ebrsjell\u201d, theksonte Osmani.<\/p>\n<p>3. <\/p>\n<p>Dialogu Strategjik nd\u00ebrmjet Maqedonis\u00eb s\u00eb Veriut dhe SHBA-s\u00eb \u00ebsht\u00eb nj\u00eb konfirmim i madh i miq\u00ebsis\u00eb dhe gatishm\u00ebris\u00eb reciproke p\u00ebr avancimin e bashk\u00ebpunimit bilateral nd\u00ebrmjet Maqedonis\u00eb s\u00eb Veriut dhe Shteteve t\u00eb Bashkuara t\u00eb Amerik\u00ebs t\u00eb cil\u00ebt jan\u00eb partner\u00eb strategjik\u00eb p\u00ebr thuajse 15 vite. <\/p>\n<p>Sipas t\u00eb parit t\u00eb diplomacis\u00eb, Osmani: \u201cDialogu Strategjik \u00ebsht\u00eb pik\u00eb kthese dhe hap p\u00ebrpara, 30 vjet pas vendosjes s\u00eb marr\u00ebdh\u00ebnieve diplomatike, pas 15 vitesh partneritet strategjik dhe 3 vjet aleanc\u00eb t\u00eb fuqishme n\u00eb NATO\u201d<\/p>\n<p>4. <\/p>\n<p>Forumi i Presp\u00ebs p\u00ebr Dialog \u00ebsht\u00eb b\u00ebr\u00eb tashm\u00eb nj\u00eb brend i njohur me t\u00eb cilin njihet vendi. Forumi i cili u realizua p\u00ebr her\u00eb t\u00eb tret\u00eb k\u00ebt\u00eb vit, \u00ebsht\u00eb d\u00ebshmi p\u00ebr p\u00ebrpjekjen dhe p\u00ebrkushtimin e vendit dhe diplomacis\u00eb n\u00eb promovimin e dialogut, besimit t\u00eb nd\u00ebrsjell\u00eb dhe bashk\u00ebpunimit, t\u00eb cilat jan\u00eb elemente ky\u00e7e n\u00eb marr\u00ebdh\u00ebniet nd\u00ebrkomb\u00ebtare dhe paraqesin gur themel p\u00ebr paqen dhe sigurin\u00eb afatgjate.<\/p>\n<p>5. <\/p>\n<p>\u00cbndrra e kahmotshme BE<\/p>\n<p>Ministri aktual i Pun\u00ebve t\u00eb Jashtme Bujar Osmani insiston p\u00ebr m\u00eb shum\u00eb integrim p\u00ebrpara vet\u00eb an\u00ebtar\u00ebsimit n\u00eb BE. \u201cNj\u00eb Evrop\u00eb prosperuese dhe e unifikuar n\u00eb paqe mund t\u00eb arrihet vet\u00ebm me nj\u00eb Ballkan Per\u00ebndimor prosperues dhe t\u00eb unifikuar n\u00eb paqe. N\u00eb k\u00ebt\u00eb kontekst, ky paraqet nj\u00eb rast t\u00eb rrall\u00eb t\u00eb interesit duksh\u00ebm t\u00eb nd\u00ebrsjell\u00eb si p\u00ebr BE-n\u00eb ashtu edhe p\u00ebr Ballkanin Per\u00ebndimor. Politikisht, ekonomikisht, kulturalisht, madje edhe gjeografikisht jemi pasagjer\u00eb n\u00eb t\u00eb nj\u00ebjt\u00ebn anije\u201d, tha ministri Osmani n\u00eb fjalimin e fundit n\u00eb akademin\u00eb verore \u201cQuo vadis Europa?\u201d, n\u00eb Santander t\u00eb Spanj\u00ebs, organizuar nga P\u00ebrfaq\u00ebsuesi i Lart\u00eb i BE-s\u00eb p\u00ebr Politik\u00eb t\u00eb Jashtme, Borrell dhe Universiteti Nd\u00ebrkomb\u00ebtar Men\u00e9ndez Pelayo.<\/p>\n<p>Maqedonia e Veriut vitin e kaluar ka hapur bisedimet me BE-n\u00eb dhe hapja e kapitujve \u00ebsht\u00eb frenuar nga VMRO-DPMNE dhe mohimi i saj p\u00ebr t\u00eb p\u00ebrfshir\u00eb n\u00eb Kushtetut\u00eb edhe etnikume q\u00eb nuk njihen nga Kushtetuta aktuale e vendit.<\/p>\n","protected":false},"excerpt":{"rendered":"<p>Maqedonia e Veriut nga janari i k\u00ebtij viti nisi kryesimin e OSBE-s\u00eb, organizat\u00ebn m\u00eb t\u00eb madhe rajonale t\u00eb siguris\u00eb n\u00eb bot\u00eb. Apo si\u00e7 din\u00eb t\u00eb<\/p>\n","protected":false},"author":14,"featured_media":16024,"comment_status":"open","ping_status":"open","sticky":false,"template":"","format":"standard","meta":{"footnotes":""},"categories":[44],"tags":[],"class_list":["post-16023","post","type-post","status-publish","format-standard","has-post-thumbnail","hentry","category-maqedoni"],"_links":{"self":[{"href":"https:\/\/indeks.bilten.mk\/index.php?rest_route=\/wp\/v2\/posts\/16023","targetHints":{"allow":["GET"]}}],"collection":[{"href":"https:\/\/indeks.bilten.mk\/index.php?rest_route=\/wp\/v2\/posts"}],"about":[{"href":"https:\/\/indeks.bilten.mk\/index.php?rest_route=\/wp\/v2\/types\/post"}],"author":[{"embeddable":true,"href":"https:\/\/indeks.bilten.mk\/index.php?rest_route=\/wp\/v2\/users\/14"}],"replies":[{"embeddable":true,"href":"https:\/\/indeks.bilten.mk\/index.php?rest_route=%2Fwp%2Fv2%2Fcomments&post=16023"}],"version-history":[{"count":0,"href":"https:\/\/indeks.bilten.mk\/index.php?rest_route=\/wp\/v2\/posts\/16023\/revisions"}],"wp:featuredmedia":[{"embeddable":true,"href":"https:\/\/indeks.bilten.mk\/index.php?rest_route=\/wp\/v2\/media\/16024"}],"wp:attachment":[{"href":"https:\/\/indeks.bilten.mk\/index.php?rest_route=%2Fwp%2Fv2%2Fmedia&parent=16023"}],"wp:term":[{"taxonomy":"category","embeddable":true,"href":"https:\/\/indeks.bilten.mk\/index.php?rest_route=%2Fwp%2Fv2%2Fcategories&post=16023"},{"taxonomy":"post_tag","embeddable":true,"href":"https:\/\/indeks.bilten.mk\/index.php?rest_route=%2Fwp%2Fv2%2Ftags&post=16023"}],"curies":[{"name":"wp","href":"https:\/\/api.w.org\/{rel}","templated":true}]}}