{"id":16026,"date":"2023-09-08T15:38:22","date_gmt":"2023-09-08T13:38:22","guid":{"rendered":"https:\/\/indeks.mk\/?p=16026"},"modified":"2023-09-08T15:38:22","modified_gmt":"2023-09-08T13:38:22","slug":"po-vijne-ne-pune-me-pizhame-e-miniqa-drejtori-i-bordit-thote-se-u-ka-shkruar-punonjesve-te-rtk-se-shpreh-keqardhje","status":"publish","type":"post","link":"https:\/\/indeks.bilten.mk\/?p=16026","title":{"rendered":"\u201cPo vijn\u00eb n\u00eb pun\u00eb me pizhame e miniqa\u201d, drejtori i Bordit thot\u00eb se u ka shkruar punonj\u00ebsve t\u00eb RTK-s\u00eb, shpreh keqardhje"},"content":{"rendered":"<p>Kryetari i bordit t\u00eb RTK-s\u00eb, Besnik Boletini, ka dal\u00eb me nj\u00eb sqarim pas informatave q\u00eb rrodh\u00ebn n\u00eb media mbi diskutimet q\u00eb u zhvilluan n\u00eb mbledhjen s\u00eb m\u00ebkur\u00ebs s\u00eb bordit se ka pun\u00ebtor\u00eb q\u00eb shkojn\u00eb n\u00eb RTK \u201cme pizhame e miniqa\u201d.<\/p>\n<p>Reagimi i tij vjen p\u00ebrgjigje ndaj Sindikat\u00ebs s\u00eb Pavarur t\u00eb Radio Televizionit t\u00eb Kosov\u00ebs, e cila ka k\u00ebrkuar q\u00eb ta liroj\u00eb postin e tij.<\/p>\n<p>Boletini tha se ajo deklarat\u00eb nuk ishte th\u00ebn\u00eb nga ai, por ka folur p\u00ebr nj\u00eb perceptim dhe diskutim q\u00eb flitet brenda RTK-s\u00eb se ka pun\u00ebtor\u00eb q\u00eb nuk vijn\u00eb n\u00eb pun\u00eb fare dhe n\u00eb m\u00ebngjes apo n\u00eb fillim t\u00eb orarit t\u00eb pun\u00ebs e b\u00ebjn\u00eb hyrjen (check-in), kryejn\u00eb aktivitete tjera jasht\u00eb detyrave t\u00eb RTK-s\u00eb dhe kthehen n\u00eb fund t\u00eb orarit ose n\u00eb mbr\u00ebmje p\u00ebr t\u00eb b\u00ebr\u00eb check out.<\/p>\n<p>\u201cAjo q\u00eb po citohet nuk \u00ebsht\u00eb konstatim i imi por prezantim i nj\u00eb perceptimi. Pra, kam th\u00ebn\u00eb se perceptimi negativ ka shkuar deri n\u00eb at\u00eb mas\u00eb sa q\u00eb \u00ebsht\u00eb krijuar edhe kjo p\u00ebrshtypje dhe nj\u00ebjta m\u00eb thuhet edhe mua n\u00eb ambientet e pun\u00ebs. Pra kam folur p\u00ebr nj\u00eb perceptim q\u00eb \u00ebsht\u00eb krijuar se disa punonj\u00ebs b\u00ebjn\u00eb vet\u00ebm hyrje-dalje pa q\u00ebndruar n\u00eb pun\u00eb, e jo p\u00ebr m\u00ebnyr\u00ebn se si vesh\u00ebn kur vijn\u00eb n\u00eb pun\u00eb. Kjo \u00e7\u00ebshtje \u00ebsht\u00eb e rregulluar me rregullore t\u00eb brendshme. E \u00e7far\u00ebdo kahje tjet\u00ebr e deklaratave t\u00eb mia \u00ebsht\u00eb nj\u00eb manipulim i q\u00ebllimsh\u00ebm\u201d, ka th\u00ebn\u00eb ai n\u00eb sqarim.<\/p>\n<p>Ai thot\u00eb se p\u00ebr k\u00ebt\u00eb u ka shprehur keqardhje pun\u00ebtor\u00ebve t\u00eb RTK-s\u00eb q\u00eb kan\u00eb mundur t\u00eb ndihen keq.<\/p>\n<p>\u201cSot p\u00ebrmes nj\u00eb sqarimi lidhur me vendimin dhe k\u00ebt\u00eb \u00e7\u00ebshtje, u kam shprehur keqardhjen t\u00eb gjith\u00eb punonj\u00ebsve t\u00eb RTK-s\u00eb, n\u00ebse ndokush \u00ebsht\u00eb ndjer\u00eb keq, duke marr\u00eb parasysh se \u00ebsht\u00eb b\u00ebr\u00eb edhe nj\u00eb keq-citim i q\u00ebllimsh\u00ebm dhe manipulim i kontekstit nga disa individ\u00eb. Pasi q\u00eb nuk kam th\u00ebn\u00eb q\u00eb po vijn\u00eb n\u00eb at\u00eb m\u00ebnyr\u00eb n\u00eb pun\u00eb. Kam folur vet\u00ebm p\u00ebr evidentimin n\u00eb pun\u00eb pa qen\u00eb n\u00eb ambiente t\u00eb pun\u00ebs\u201d.<\/p>\n<p>Reagimi i plot\u00eb:<\/p>\n<p>Raportimi i aktiviteteve t\u00eb pun\u00ebs nga punonj\u00ebsit<\/p>\n<p>N\u00eb mbledhjen e s\u00eb m\u00ebrkur\u00ebs Bordi i RTK-s\u00eb ka marr\u00eb nj\u00eb vendim lidhur me raportimin e aktiviteteve t\u00eb pun\u00ebs nga punonj\u00ebsit. Q\u00ebllimi i k\u00ebtij vendimi \u00ebsht\u00eb q\u00eb t\u00eb rritet llogaridh\u00ebnia dhe p\u00ebrgjegjshm\u00ebria n\u00eb pun\u00eb. Kjo edhe p\u00ebr faktin se RTK aktualisht ka mbi 770 punonj\u00ebs. E kam parasysh se mund t\u00eb mos pritet mir\u00eb nga t\u00eb gjith\u00eb.<\/p>\n<p>Raportimi mujor p\u00ebr aktivitetet ditore t\u00eb pun\u00ebs ka p\u00ebr q\u00ebllim vler\u00ebsimin e mundit t\u00eb secilit punonj\u00ebs. N\u00eb asnj\u00eb m\u00ebnyr\u00eb nuk do t\u00eb ngarkohet puna e asnj\u00ebrit, e as nuk \u00ebsht\u00eb ideja q\u00eb t\u00eb shikohet puna me \u201cllup\u00eb\u201d. Do t\u00eb krijohet nj\u00eb platform\u00eb e thjesht\u00eb dhe praktike. Pra, nuk k\u00ebrkohet pun\u00eb shtes\u00eb, aktivitet tjet\u00ebr, por nj\u00eb p\u00ebrshkrim i thjesht\u00eb i aktiviteteve t\u00eb pun\u00ebs, e cila mund t\u00eb organizohet nga secili se si e b\u00ebn\u00eb.<\/p>\n<p>Nd\u00ebr t\u00eb tjera, kjo ndihmon q\u00eb kur t\u00eb b\u00ebhet vler\u00ebsimi i fundvitit nga udh\u00ebheq\u00ebsit, secili punonj\u00ebs t\u00eb vler\u00ebsohet n\u00eb m\u00ebnyr\u00eb meritore dhe t\u00eb bazuar. N\u00eb k\u00ebt\u00eb m\u00ebnyr\u00eb evitohen edhe pak\u00ebnaq\u00ebsit\u00eb eventuale se jo t\u00eb gjith\u00eb po punojn\u00eb n\u00eb m\u00ebnyr\u00eb proporcionale. Ky perceptim \u00ebsht\u00eb i pranish\u00ebm n\u00eb RTK.<\/p>\n<p>Nuk \u00ebsht\u00eb e drejt\u00eb q\u00eb dikush q\u00eb ka punuar vazhdimisht t\u00eb mund t\u00eb vler\u00ebsohet me not\u00eb t\u00eb nj\u00ebjt\u00eb apo m\u00eb t\u00eb ul\u00ebt me dik\u00eb q\u00eb nuk ka punuar sa duhet, apo nuk ka punuar p\u00ebr nj\u00eb periudh\u00eb t\u00eb caktuar. Kjo mund t\u00eb jet\u00eb demotivuese.<\/p>\n<p>N\u00eb RTK ka shum\u00eb punonj\u00ebs t\u00eb zellsh\u00ebm q\u00eb n\u00eb baza ditore kryejn\u00eb me p\u00ebrkushtim t\u00eb madh pun\u00ebn, por n\u00eb an\u00ebn tjet\u00ebr, ka aludime se ka punonj\u00ebs q\u00eb nuk jan\u00eb t\u00eb p\u00ebrkushtuar sa duhet, nuk punojn\u00eb sa duhet, i \u201cikin\u201d pun\u00ebs dhe marrin paga mbi supet e atyre q\u00eb punojn\u00eb, q\u00eb i kryejn\u00eb pun\u00ebt e p\u00ebrditshme. Kushdo q\u00eb i shmanget pun\u00ebs, i bie q\u00eb e ngarkon shum\u00ebfish pun\u00ebn e koleg\u00ebve t\u00eb tjer\u00eb, e n\u00eb an\u00ebn tjet\u00ebr t\u00eb paguhet sa ata, n\u00eb mos m\u00eb shum\u00eb. Kjo \u00ebsht\u00eb e padrejt\u00eb.<\/p>\n<p>RTK prodhon m\u00eb s\u00eb shumti program dhe informacione n\u00eb krahasim me mediat tjera n\u00eb vend. Pjesa m\u00eb e madhe e punonj\u00ebsve t\u00eb RTK-s\u00eb e kryejn\u00eb pun\u00ebn me p\u00ebrkushtim t\u00eb madh, por n\u00ebse ka t\u00eb till\u00eb q\u00eb tentojn\u00eb t\u2019i \u201cikin\u201d pun\u00ebs, si\u00e7 flitet, kjo \u00ebsht\u00eb e papranueshme dhe e kemi obligim ligjor q\u00eb t\u00eb angazhohemi q\u00eb mos t\u00eb ndodh. N\u00ebse dikush merr rrog\u00eb pa punuar, por vet\u00ebm duke b\u00ebr\u00eb hyrje-dalje, i bie q\u00eb po abuzohet me buxhetin e RTK-s\u00eb, p\u00ebrkat\u00ebsisht taksat e qytetar\u00ebve. Prandaj raporti i pun\u00ebs e krijon nj\u00eb mund\u00ebsi p\u00ebr t\u00eb dh\u00ebn\u00eb nj\u00eb pasqyr\u00eb t\u00eb qart\u00eb p\u00ebr k\u00ebt\u00eb gj\u00eb dhe do t\u00eb jet\u00eb mekaniz\u00ebm q\u00eb do t\u2019i eliminoj\u00eb perceptimet q\u00eb mund t\u00eb jen\u00eb krijuar lidhur me k\u00ebt\u00eb \u00e7\u00ebshtje dhe nuk do t\u00eb ket\u00eb asnj\u00eb lloj implikimi apo ngarkese.<\/p>\n<p>Prandaj nuk ka vend aspak p\u00ebr shqet\u00ebsim. T\u00eb shqet\u00ebsuar mund t\u00eb jen\u00eb vet\u00ebm ata \u2013 n\u00ebse ka t\u00eb till\u00eb- q\u00eb p\u00ebr jav\u00eb t\u00eb t\u00ebra nuk punojn\u00eb gj\u00eb, ose kan\u00eb edhe angazhime tjera paralele gjat\u00eb orarit t\u00eb pun\u00ebs. Gjithnj\u00eb n\u00ebse ka t\u00eb till\u00eb.<\/p>\n<p>Pas marrjes s\u00eb k\u00ebtij vendimi \u00ebsht\u00eb b\u00ebr\u00eb nj\u00eb propagand\u00eb manipuluese lidhur me nj\u00eb diskutim q\u00eb \u00ebsht\u00eb b\u00ebr\u00eb n\u00eb mbledhjen e bordit. Derisa kemi diskutuar lidhur me raportimin e pun\u00ebs, kam diskutuar edhe lidhur me perceptimet q\u00eb jan\u00eb krijuar brenda dhe jasht\u00eb institucionit ton\u00eb, e q\u00eb i d\u00ebgjoj shpesh n\u00eb ambientet e pun\u00ebs, se disa punonj\u00ebs vijn\u00eb sa p\u00ebr t\u00eb b\u00ebr\u00eb hyrje-daljet dhe nuk rrin\u00eb n\u00eb pun\u00eb.<\/p>\n<p>Ajo q\u00eb po citohet nuk \u00ebsht\u00eb konstatim i imi por prezantim i nj\u00eb perceptimi. Pra, kam th\u00ebn\u00eb se perceptimi negativ ka shkuar deri n\u00eb at\u00eb mas\u00eb sa q\u00eb \u00ebsht\u00eb krijuar edhe kjo p\u00ebrshtypje dhe nj\u00ebjta m\u00eb thuhet edhe mua n\u00eb ambientet e pun\u00ebs. Pra kam folur p\u00ebr nj\u00eb perceptim q\u00eb \u00ebsht\u00eb krijuar se disa punonj\u00ebs b\u00ebjn\u00eb vet\u00ebm hyrje-dalje pa q\u00ebndruar n\u00eb pun\u00eb, e jo p\u00ebr m\u00ebnyr\u00ebn se si vesh\u00ebn kur vijn\u00eb n\u00eb pun\u00eb. Kjo \u00e7\u00ebshtje \u00ebsht\u00eb e rregulluar me rregullore t\u00eb brendshme. E \u00e7far\u00ebdo kahje tjet\u00ebr e deklaratave t\u00eb mia \u00ebsht\u00eb nj\u00eb manipulim i q\u00ebllimsh\u00ebm.<\/p>\n<p>P\u00ebr t\u00eb qen\u00eb korrekt, ajo \u00e7ka kam th\u00ebn\u00eb n\u00eb nj\u00eb moment n\u00eb diskutim e sip\u00ebr gjat\u00eb debatit interaktiv \u00ebsht\u00eb se \u201cun\u00eb marr informacione (d.m.th q\u00eb t\u00eb tjer\u00ebt po m\u00eb thon\u00eb) se pun\u00ebtor\u00ebt vijn\u00eb me pizhame, \u2018miniqa\u2019, vijn\u00eb b\u00ebjn\u00eb check out dhe kjo \u00ebsht\u00eb e papranueshme\u201d, pra kam cituar di\u00e7ka q\u00eb m\u00eb \u00ebsht\u00eb th\u00ebn\u00eb, dhe e kam theksuar se \u00ebsht\u00eb i papranuesh\u00ebm si informacion dhe perceptim q\u00eb po m\u00eb thuhet n\u00eb ambiente t\u00eb pun\u00ebs, q\u00eb disa punonj\u00ebs pas aktiviteteve t\u00eb ndryshme vijn\u00eb dhe e b\u00ebjn\u00eb vet\u00ebm daljen duke u evidentuar n\u00eb pun\u00eb, pa punuar fare. Sigurisht q\u00eb nuk ka qen\u00eb m\u00ebnyra m\u00eb e mir\u00eb p\u00ebr ta p\u00ebrshkruar dukurin\u00eb e pretenduar, por gjat\u00eb debatit e kam b\u00ebr\u00eb p\u00ebrshkrimin eksplicit\u00eb si\u00e7 m\u00eb \u00ebsht\u00eb th\u00ebn\u00eb, pa e p\u00ebrpunuar. Asnj\u00ebher\u00eb dhe n\u00eb asnj\u00eb rrethan\u00eb p\u00ebr t\u00eb p\u00ebrshkruar di\u00e7ka tjet\u00ebr, apo p\u00ebr t\u00eb fyer dike. Sot p\u00ebrmes nj\u00eb sqarimi lidhur me vendimin dhe k\u00ebt\u00eb \u00e7\u00ebshtje, u kam shprehur keqardhjen t\u00eb gjith\u00eb punonj\u00ebsve t\u00eb RTK-s\u00eb, n\u00ebse ndokush \u00ebsht\u00eb ndjer\u00eb keq, duke marr\u00eb parasysh se \u00ebsht\u00eb b\u00ebr\u00eb edhe nj\u00eb keq-citim i q\u00ebllimsh\u00ebm dhe manipulim i kontekstit nga disa individ\u00eb. Pasi q\u00eb nuk kam th\u00ebn\u00eb q\u00eb po vijn\u00eb n\u00eb at\u00eb m\u00ebnyr\u00eb n\u00eb pun\u00eb. Kam folur vet\u00ebm p\u00ebr evidentimin n\u00eb pun\u00eb pa qen\u00eb n\u00eb ambiente t\u00eb pun\u00ebs.<\/p>\n<p>RTK ka b\u00ebr\u00eb nj\u00eb progres t\u00eb duksh\u00ebm n\u00eb menaxhim dhe kontroll t\u00eb financave dhe do t\u00eb vazhdohet t\u00eb punohet n\u00eb k\u00ebt\u00eb drejtim edhe m\u00eb fuqish\u00ebm.<\/p>\n","protected":false},"excerpt":{"rendered":"<p>Kryetari i bordit t\u00eb RTK-s\u00eb, Besnik Boletini, ka dal\u00eb me nj\u00eb sqarim pas informatave q\u00eb rrodh\u00ebn n\u00eb media mbi diskutimet q\u00eb u zhvilluan n\u00eb mbledhjen<\/p>\n","protected":false},"author":14,"featured_media":16027,"comment_status":"open","ping_status":"open","sticky":false,"template":"","format":"standard","meta":{"footnotes":""},"categories":[45],"tags":[],"class_list":["post-16026","post","type-post","status-publish","format-standard","has-post-thumbnail","hentry","category-rajoni"],"_links":{"self":[{"href":"https:\/\/indeks.bilten.mk\/index.php?rest_route=\/wp\/v2\/posts\/16026","targetHints":{"allow":["GET"]}}],"collection":[{"href":"https:\/\/indeks.bilten.mk\/index.php?rest_route=\/wp\/v2\/posts"}],"about":[{"href":"https:\/\/indeks.bilten.mk\/index.php?rest_route=\/wp\/v2\/types\/post"}],"author":[{"embeddable":true,"href":"https:\/\/indeks.bilten.mk\/index.php?rest_route=\/wp\/v2\/users\/14"}],"replies":[{"embeddable":true,"href":"https:\/\/indeks.bilten.mk\/index.php?rest_route=%2Fwp%2Fv2%2Fcomments&post=16026"}],"version-history":[{"count":0,"href":"https:\/\/indeks.bilten.mk\/index.php?rest_route=\/wp\/v2\/posts\/16026\/revisions"}],"wp:featuredmedia":[{"embeddable":true,"href":"https:\/\/indeks.bilten.mk\/index.php?rest_route=\/wp\/v2\/media\/16027"}],"wp:attachment":[{"href":"https:\/\/indeks.bilten.mk\/index.php?rest_route=%2Fwp%2Fv2%2Fmedia&parent=16026"}],"wp:term":[{"taxonomy":"category","embeddable":true,"href":"https:\/\/indeks.bilten.mk\/index.php?rest_route=%2Fwp%2Fv2%2Fcategories&post=16026"},{"taxonomy":"post_tag","embeddable":true,"href":"https:\/\/indeks.bilten.mk\/index.php?rest_route=%2Fwp%2Fv2%2Ftags&post=16026"}],"curies":[{"name":"wp","href":"https:\/\/api.w.org\/{rel}","templated":true}]}}