{"id":16029,"date":"2023-09-08T15:41:41","date_gmt":"2023-09-08T13:41:41","guid":{"rendered":"https:\/\/indeks.mk\/?p=16029"},"modified":"2023-09-08T15:41:41","modified_gmt":"2023-09-08T13:41:41","slug":"leonora-poloska-shfaqet-e-vetme-me-vajzen-pas-ndarjes-nga-bashkeshorti","status":"publish","type":"post","link":"https:\/\/indeks.bilten.mk\/?p=16029","title":{"rendered":"Leonora Poloska shfaqet e vetme me vajz\u00ebn pas ndarjes nga bashk\u00ebshorti"},"content":{"rendered":"<p><strong>K\u00ebng\u00ebtarja Leonora Poloska ka vite q\u00eb e ka v\u00ebn\u00eb n\u00eb pauz\u00eb karrieren e saj muzikore.<\/strong><\/p>\n<p>Ndon\u00ebse nj\u00eb nga z\u00ebrat m\u00eb t\u00eb bukur e t\u00eb fuqish\u00ebm, Poloska nuk \u00ebsht\u00eb m\u00eb prezente si dikur me k\u00ebng\u00eb e videoklipe.<\/p>\n<p>Jeta private e yllit t\u00eb muzik\u00ebs ka ndryshuar s\u00ebfundi.<\/p>\n<p>Si\u00e7 thuhet, ajo \u00ebsht\u00eb ndar\u00eb nga bashk\u00ebshorti, kantautori Andin Ra Dobrava, me t\u00eb cilin ka edhe nj\u00eb vajz\u00eb, shkruan \u201cKosovarja\u201d.<\/p>\n<p>Poloska bashk\u00eb me t\u00eb bijen s\u00ebfundi jan\u00eb shfaqur nga nj\u00eb das\u00ebm.<\/p>\n<div class=\"wp-video\">\n<div id=\"mep_0\" class=\"mejs-container wp-video-shortcode mejs-video\" tabindex=\"0\" role=\"application\" aria-label=\"Lojt\u00ebs Videosh\">\n<div class=\"mejs-inner\">\n<div class=\"mejs-mediaelement\"><video id=\"video-497269-1_html5\" class=\"wp-video-shortcode\" src=\"https:\/\/www.kosovarja-ks.com\/wp-content\/uploads\/2023\/09\/Snapinsta.app_video_355421291_988678092410490_6030527205295102287_n.mp4?_=1\" preload=\"metadata\" width=\"1080\" height=\"1920\"><\/video><\/div>\n<div class=\"mejs-layers\">\n<div class=\"mejs-overlay mejs-layer mejs-overlay-play\">\n<div class=\"mejs-overlay-button\" tabindex=\"0\" role=\"button\" aria-label=\"Luaje\" aria-pressed=\"false\"><\/div>\n<\/div>\n<\/div>\n<div class=\"mejs-controls\">\n<div class=\"mejs-button mejs-playpause-button mejs-play\"><\/div>\n<div class=\"mejs-time mejs-currenttime-container\" role=\"timer\" aria-live=\"off\"><span class=\"mejs-currenttime\">00:00<\/span><\/div>\n<div class=\"mejs-time-rail\"><\/div>\n<\/div>\n<\/div>\n<\/div>\n<\/div>\n","protected":false},"excerpt":{"rendered":"<p>K\u00ebng\u00ebtarja Leonora Poloska ka vite q\u00eb e ka v\u00ebn\u00eb n\u00eb pauz\u00eb karrieren e saj muzikore. Ndon\u00ebse nj\u00eb nga z\u00ebrat m\u00eb t\u00eb bukur e t\u00eb fuqish\u00ebm,<\/p>\n","protected":false},"author":14,"featured_media":16030,"comment_status":"open","ping_status":"open","sticky":false,"template":"","format":"standard","meta":{"footnotes":""},"categories":[49],"tags":[],"class_list":["post-16029","post","type-post","status-publish","format-standard","has-post-thumbnail","hentry","category-showbiz"],"_links":{"self":[{"href":"https:\/\/indeks.bilten.mk\/index.php?rest_route=\/wp\/v2\/posts\/16029","targetHints":{"allow":["GET"]}}],"collection":[{"href":"https:\/\/indeks.bilten.mk\/index.php?rest_route=\/wp\/v2\/posts"}],"about":[{"href":"https:\/\/indeks.bilten.mk\/index.php?rest_route=\/wp\/v2\/types\/post"}],"author":[{"embeddable":true,"href":"https:\/\/indeks.bilten.mk\/index.php?rest_route=\/wp\/v2\/users\/14"}],"replies":[{"embeddable":true,"href":"https:\/\/indeks.bilten.mk\/index.php?rest_route=%2Fwp%2Fv2%2Fcomments&post=16029"}],"version-history":[{"count":0,"href":"https:\/\/indeks.bilten.mk\/index.php?rest_route=\/wp\/v2\/posts\/16029\/revisions"}],"wp:featuredmedia":[{"embeddable":true,"href":"https:\/\/indeks.bilten.mk\/index.php?rest_route=\/wp\/v2\/media\/16030"}],"wp:attachment":[{"href":"https:\/\/indeks.bilten.mk\/index.php?rest_route=%2Fwp%2Fv2%2Fmedia&parent=16029"}],"wp:term":[{"taxonomy":"category","embeddable":true,"href":"https:\/\/indeks.bilten.mk\/index.php?rest_route=%2Fwp%2Fv2%2Fcategories&post=16029"},{"taxonomy":"post_tag","embeddable":true,"href":"https:\/\/indeks.bilten.mk\/index.php?rest_route=%2Fwp%2Fv2%2Ftags&post=16029"}],"curies":[{"name":"wp","href":"https:\/\/api.w.org\/{rel}","templated":true}]}}