{"id":16032,"date":"2023-09-08T16:01:20","date_gmt":"2023-09-08T14:01:20","guid":{"rendered":"https:\/\/indeks.mk\/?p=16032"},"modified":"2023-09-08T16:01:20","modified_gmt":"2023-09-08T14:01:20","slug":"kjo-eshte-e-dashura-e-reperit-stresi-zbulohet-fotoja-e-bukuroshes","status":"publish","type":"post","link":"https:\/\/indeks.bilten.mk\/?p=16032","title":{"rendered":"Kjo \u00ebsht\u00eb e dashura e reperit Stresi, zbulohet fotoja e bukuroshes"},"content":{"rendered":"<p><strong>Pak dit\u00eb m\u00eb par\u00eb, p\u00ebrmes nj\u00eb postimi n\u00eb Instagram, Stresi njoftoi se \u00ebsht\u00eb n\u00eb nj\u00eb lidhje dashurie.<\/strong><\/p>\n<p>Ai nuk zbuloi identitetin e saj, por vet\u00ebm ndau nj\u00eb foto krah vajz\u00ebs e cila ia ka marr\u00eb zemr\u00ebn.<\/p>\n<p>Stresi u shpreh se ajo ishte nata m\u00eb specialja nd\u00ebr vite.<\/p>\n<p>P\u00ebrkund\u00ebr q\u00eb Stresi nuk zbuloi asnj\u00eb detaj tjet\u00ebr rreth saj, vajza q\u00eb ia ka mar\u00eb zemr\u00ebn nuk na iku pa e par\u00eb.<\/p>\n<p>Vajza falume quhet Erzenida dhe m\u00eb posht\u00eb mund t\u00eb shihni fotografi t\u00eb saj.<\/p>\n<p>Ju ect\u00eb mbar\u00eb!<\/p>\n<p><img loading=\"lazy\" decoding=\"async\" class=\"alignleft size-full wp-image-497284\" src=\"https:\/\/i0.wp.com\/www.kosovarja-ks.com\/wp-content\/uploads\/2023\/09\/373487980_613957237566600_1709568552965556588_n.jpg?resize=1283%2C1592&amp;ssl=1\" sizes=\"auto, (max-width: 1000px) 100vw, 1000px\" srcset=\"https:\/\/i0.wp.com\/www.kosovarja-ks.com\/wp-content\/uploads\/2023\/09\/373487980_613957237566600_1709568552965556588_n.jpg?w=1283&amp;ssl=1 1283w, https:\/\/i0.wp.com\/www.kosovarja-ks.com\/wp-content\/uploads\/2023\/09\/373487980_613957237566600_1709568552965556588_n.jpg?resize=242%2C300&amp;ssl=1 242w, https:\/\/i0.wp.com\/www.kosovarja-ks.com\/wp-content\/uploads\/2023\/09\/373487980_613957237566600_1709568552965556588_n.jpg?resize=825%2C1024&amp;ssl=1 825w, https:\/\/i0.wp.com\/www.kosovarja-ks.com\/wp-content\/uploads\/2023\/09\/373487980_613957237566600_1709568552965556588_n.jpg?resize=768%2C953&amp;ssl=1 768w, https:\/\/i0.wp.com\/www.kosovarja-ks.com\/wp-content\/uploads\/2023\/09\/373487980_613957237566600_1709568552965556588_n.jpg?resize=1238%2C1536&amp;ssl=1 1238w, https:\/\/i0.wp.com\/www.kosovarja-ks.com\/wp-content\/uploads\/2023\/09\/373487980_613957237566600_1709568552965556588_n.jpg?resize=750%2C931&amp;ssl=1 750w, https:\/\/i0.wp.com\/www.kosovarja-ks.com\/wp-content\/uploads\/2023\/09\/373487980_613957237566600_1709568552965556588_n.jpg?resize=1140%2C1415&amp;ssl=1 1140w\" alt=\"\" width=\"673\" height=\"835\" data-pin-no-hover=\"true\" \/><\/p>\n<div id=\"kosov-1742628152\" class=\"kosov-artikull-i-sponzorizuar\">\n<div id=\"M161593ScriptRootC973843_0fbb3\">\n<div id=\"MarketGidComposite973843_0fbb3\">\n<div class=\"mgbox\">\n<div class=\"mgline teaser-17027231 type-w\" data-i=\"C4EbjQLl9Lz0-OV04JM_rwLj4bFkfT2Y0OarYdhK5aMcYD5SVKoDCklg2yBkGv_Wp1oQqnbdlwkSHXhsZrIdAg**\" data-observe-time=\"1022\" data-observe-start=\"1694181560126\" data-observing=\"yes\" data-load-fired=\"true\" data-shown=\"1\">\n<div class=\"image-with-text\">\n<div class=\"mcimg\">\n<div class=\"image-container\"><\/div>\n<\/div>\n<div class=\"text-elements\">\n<div class=\"text_on_hover\"><\/div>\n<\/div>\n<\/div>\n<\/div>\n<div class=\"mgline teaser-16579119 type-w\" data-i=\"C4EbjQLl9Lz0-OV04JM_r8oTvmeCWWPwlOQO-Noszw4bWndE5OvZZQbx7XzoO2AeN8eIkTRcf7gEnLEsW6AAkA**\" data-observe-time=\"1023\" data-observe-start=\"1694181560126\" data-observing=\"yes\" data-load-fired=\"true\" data-shown=\"1\">\n<div class=\"image-with-text\">\n<div class=\"mcimg\">\n<div class=\"image-container\"><\/div>\n<\/div>\n<\/div>\n<\/div>\n<\/div>\n<\/div>\n<\/div>\n<\/div>\n","protected":false},"excerpt":{"rendered":"<p>Pak dit\u00eb m\u00eb par\u00eb, p\u00ebrmes nj\u00eb postimi n\u00eb Instagram, Stresi njoftoi se \u00ebsht\u00eb n\u00eb nj\u00eb lidhje dashurie. Ai nuk zbuloi identitetin e saj, por vet\u00ebm<\/p>\n","protected":false},"author":14,"featured_media":0,"comment_status":"open","ping_status":"open","sticky":false,"template":"","format":"standard","meta":{"footnotes":""},"categories":[49],"tags":[],"class_list":["post-16032","post","type-post","status-publish","format-standard","hentry","category-showbiz"],"_links":{"self":[{"href":"https:\/\/indeks.bilten.mk\/index.php?rest_route=\/wp\/v2\/posts\/16032","targetHints":{"allow":["GET"]}}],"collection":[{"href":"https:\/\/indeks.bilten.mk\/index.php?rest_route=\/wp\/v2\/posts"}],"about":[{"href":"https:\/\/indeks.bilten.mk\/index.php?rest_route=\/wp\/v2\/types\/post"}],"author":[{"embeddable":true,"href":"https:\/\/indeks.bilten.mk\/index.php?rest_route=\/wp\/v2\/users\/14"}],"replies":[{"embeddable":true,"href":"https:\/\/indeks.bilten.mk\/index.php?rest_route=%2Fwp%2Fv2%2Fcomments&post=16032"}],"version-history":[{"count":0,"href":"https:\/\/indeks.bilten.mk\/index.php?rest_route=\/wp\/v2\/posts\/16032\/revisions"}],"wp:attachment":[{"href":"https:\/\/indeks.bilten.mk\/index.php?rest_route=%2Fwp%2Fv2%2Fmedia&parent=16032"}],"wp:term":[{"taxonomy":"category","embeddable":true,"href":"https:\/\/indeks.bilten.mk\/index.php?rest_route=%2Fwp%2Fv2%2Fcategories&post=16032"},{"taxonomy":"post_tag","embeddable":true,"href":"https:\/\/indeks.bilten.mk\/index.php?rest_route=%2Fwp%2Fv2%2Ftags&post=16032"}],"curies":[{"name":"wp","href":"https:\/\/api.w.org\/{rel}","templated":true}]}}