{"id":16043,"date":"2023-09-09T15:59:05","date_gmt":"2023-09-09T13:59:05","guid":{"rendered":"https:\/\/indeks.mk\/?p=16043"},"modified":"2023-09-09T15:59:05","modified_gmt":"2023-09-09T13:59:05","slug":"aurela-gace-habit-fansat-me-vendimin-e-fundit-nuk-do-te-jem-me-prane-jush","status":"publish","type":"post","link":"https:\/\/indeks.bilten.mk\/?p=16043","title":{"rendered":"Aurela Ga\u00e7e habit fansat me vendimin e fundit: Nuk do t\u00eb jem m\u00eb pran\u00eb jush&#8230;"},"content":{"rendered":"<p><strong>Aurela Ga\u00e7e \u00ebsht\u00eb padyshim nj\u00eb nga ikonat e muzik\u00ebs shqiptare, e cila prej vitesh i ka dhuruar publikut shqiptar hite e performanca unike.<\/strong><\/p>\n<p>Z\u00ebri i saj dhe performancat live jan\u00eb pika m\u00eb e fort\u00eb q\u00eb Aurel\u00ebn e b\u00ebjn\u00eb nd\u00ebr m\u00eb t\u00eb p\u00eblqyerat e t\u00eb gjitha moshave.<\/p>\n<p>Por sa i p\u00ebrket k\u00ebtyre performancace ylli i muzik\u00ebs shqiptare ka nj\u00eb lajm t\u00eb keq.<br \/>\nAjo p\u00ebrmes rrjeteve sociale njoftoi fansat se nuk do t\u00eb jet\u00eb pran\u00eb tyre n\u00eb k\u00ebt\u00eb sezon dim\u00ebror.<\/p>\n<p>\u201cP\u00ebr t\u00eb gjith\u00eb ju q\u00eb jeni m\u00ebsuar t\u00eb m\u00eb shihni me performanca \u201clive\u201d prej pothuaj 10-11 vitesh n\u00eb Tiran\u00eb, p\u00ebr t\u00eb gjith\u00eb ju q\u00eb m\u00eb pyesni se kur do filloj\u00eb sezoni iri, ju b\u00ebj me dije se k\u00ebt\u00eb sezon dim\u00ebror nuk do jem pran\u00eb jush. Sigurisht do t\u00eb jem me data t\u00eb caktuara por jo cdo fundjav\u00eb, ashtu si vitet e m\u00ebpar\u00ebshme\u201c.<\/p>\n<p>Nuk dihet arsyeja e k\u00ebtij vendimi pasi Aurela nuk ka dh\u00ebn\u00eb detaje.<\/p>\n","protected":false},"excerpt":{"rendered":"<p>Aurela Ga\u00e7e \u00ebsht\u00eb padyshim nj\u00eb nga ikonat e muzik\u00ebs shqiptare, e cila prej vitesh i ka dhuruar publikut shqiptar hite e performanca unike. Z\u00ebri i<\/p>\n","protected":false},"author":14,"featured_media":16044,"comment_status":"open","ping_status":"open","sticky":false,"template":"","format":"standard","meta":{"footnotes":""},"categories":[49],"tags":[],"class_list":["post-16043","post","type-post","status-publish","format-standard","has-post-thumbnail","hentry","category-showbiz"],"_links":{"self":[{"href":"https:\/\/indeks.bilten.mk\/index.php?rest_route=\/wp\/v2\/posts\/16043","targetHints":{"allow":["GET"]}}],"collection":[{"href":"https:\/\/indeks.bilten.mk\/index.php?rest_route=\/wp\/v2\/posts"}],"about":[{"href":"https:\/\/indeks.bilten.mk\/index.php?rest_route=\/wp\/v2\/types\/post"}],"author":[{"embeddable":true,"href":"https:\/\/indeks.bilten.mk\/index.php?rest_route=\/wp\/v2\/users\/14"}],"replies":[{"embeddable":true,"href":"https:\/\/indeks.bilten.mk\/index.php?rest_route=%2Fwp%2Fv2%2Fcomments&post=16043"}],"version-history":[{"count":0,"href":"https:\/\/indeks.bilten.mk\/index.php?rest_route=\/wp\/v2\/posts\/16043\/revisions"}],"wp:featuredmedia":[{"embeddable":true,"href":"https:\/\/indeks.bilten.mk\/index.php?rest_route=\/wp\/v2\/media\/16044"}],"wp:attachment":[{"href":"https:\/\/indeks.bilten.mk\/index.php?rest_route=%2Fwp%2Fv2%2Fmedia&parent=16043"}],"wp:term":[{"taxonomy":"category","embeddable":true,"href":"https:\/\/indeks.bilten.mk\/index.php?rest_route=%2Fwp%2Fv2%2Fcategories&post=16043"},{"taxonomy":"post_tag","embeddable":true,"href":"https:\/\/indeks.bilten.mk\/index.php?rest_route=%2Fwp%2Fv2%2Ftags&post=16043"}],"curies":[{"name":"wp","href":"https:\/\/api.w.org\/{rel}","templated":true}]}}