{"id":16046,"date":"2023-09-09T16:01:20","date_gmt":"2023-09-09T14:01:20","guid":{"rendered":"https:\/\/indeks.mk\/?p=16046"},"modified":"2023-09-09T16:01:20","modified_gmt":"2023-09-09T14:01:20","slug":"dafina-zeqiri-blen-dy-vetura-te-reja-luksoze","status":"publish","type":"post","link":"https:\/\/indeks.bilten.mk\/?p=16046","title":{"rendered":"Dafina Zeqiri blen dy vetura t\u00eb reja luksoze!"},"content":{"rendered":"<p><strong>K\u00ebng\u00ebtarja e njohur shqiptare, Dafina Zeqiri, ka pasur nj\u00eb sezon mjaft t\u00eb ngjeshur veror.<\/strong><\/p>\n<p>Ajo ishte shum\u00eb aktive n\u00eb muzik\u00eb me prurje t\u00eb reja, gjersa nuk mungoi edhe n\u00ebp\u00ebr koncerte e mbr\u00ebmje muzikore t\u00eb shumta.<\/p>\n<p>E duket se n\u00eb fund t\u00eb ver\u00ebs, Dafina ka rezervuar nj\u00eb shp\u00ebrblim p\u00ebr veten e saj, duke investuar n\u00eb blerjen e dy veturave luksoze.<\/p>\n<p><img loading=\"lazy\" decoding=\"async\" class=\"alignleft size-full wp-image-497593\" src=\"https:\/\/i0.wp.com\/www.kosovarja-ks.com\/wp-content\/uploads\/2023\/09\/dafe-1.jpg?resize=1440%2C1025&amp;ssl=1\" sizes=\"auto, (max-width: 1000px) 100vw, 1000px\" srcset=\"https:\/\/i0.wp.com\/www.kosovarja-ks.com\/wp-content\/uploads\/2023\/09\/dafe-1.jpg?w=1440&amp;ssl=1 1440w, https:\/\/i0.wp.com\/www.kosovarja-ks.com\/wp-content\/uploads\/2023\/09\/dafe-1.jpg?resize=300%2C214&amp;ssl=1 300w, https:\/\/i0.wp.com\/www.kosovarja-ks.com\/wp-content\/uploads\/2023\/09\/dafe-1.jpg?resize=1024%2C729&amp;ssl=1 1024w, https:\/\/i0.wp.com\/www.kosovarja-ks.com\/wp-content\/uploads\/2023\/09\/dafe-1.jpg?resize=768%2C547&amp;ssl=1 768w, https:\/\/i0.wp.com\/www.kosovarja-ks.com\/wp-content\/uploads\/2023\/09\/dafe-1.jpg?resize=120%2C86&amp;ssl=1 120w, https:\/\/i0.wp.com\/www.kosovarja-ks.com\/wp-content\/uploads\/2023\/09\/dafe-1.jpg?resize=350%2C250&amp;ssl=1 350w, https:\/\/i0.wp.com\/www.kosovarja-ks.com\/wp-content\/uploads\/2023\/09\/dafe-1.jpg?resize=750%2C534&amp;ssl=1 750w, https:\/\/i0.wp.com\/www.kosovarja-ks.com\/wp-content\/uploads\/2023\/09\/dafe-1.jpg?resize=1140%2C811&amp;ssl=1 1140w\" alt=\"\" width=\"673\" height=\"479\" data-pin-no-hover=\"true\" \/><\/p>\n<p>&nbsp;<\/p>\n<p>&nbsp;<\/p>\n<p>&nbsp;<\/p>\n<p>&nbsp;<\/p>\n<p>&nbsp;<\/p>\n<p>&nbsp;<\/p>\n<p>&nbsp;<\/p>\n<p>&nbsp;<\/p>\n<p>&nbsp;<\/p>\n<p>&nbsp;<\/p>\n<p>&nbsp;<\/p>\n<p>&nbsp;<\/p>\n<p>&nbsp;<\/p>\n<p>K\u00ebng\u00ebtarja e hitit \u201cMurder on the dancefloor\u201d ka bler\u00eb dy vetura t\u00eb tipit \u201cPorsche Carrera 911\u201d dhe \u201cLamborghini Urus\u201d, n\u00eb nj\u00eb nga autosallonet e Kosov\u00ebs.<\/p>\n<p>\u00c7mimi i t\u00eb par\u00ebs fillon nga 106 mij\u00eb euro e p\u00ebrpjet\u00eb, gjersa e dyta ka nj\u00eb \u00e7mim fillestar prej 220 mij\u00eb eurosh.<\/p>\n<p>Dafina shquhet si nj\u00eb prej k\u00ebng\u00ebtareve m\u00eb t\u00eb angazhuara t\u00eb sken\u00ebs vendore, me \u00e7ka edhe t\u00eb ardhurat e saj nga muzika jan\u00eb mjaft t\u00eb larta, t\u00eb cilat i mund\u00ebsojn\u00eb t\u00eb b\u00ebj\u00eb nj\u00eb jet\u00eb luksoze.<\/p>\n","protected":false},"excerpt":{"rendered":"<p>K\u00ebng\u00ebtarja e njohur shqiptare, Dafina Zeqiri, ka pasur nj\u00eb sezon mjaft t\u00eb ngjeshur veror. Ajo ishte shum\u00eb aktive n\u00eb muzik\u00eb me prurje t\u00eb reja, gjersa<\/p>\n","protected":false},"author":14,"featured_media":0,"comment_status":"open","ping_status":"open","sticky":false,"template":"","format":"standard","meta":{"footnotes":""},"categories":[49],"tags":[],"class_list":["post-16046","post","type-post","status-publish","format-standard","hentry","category-showbiz"],"_links":{"self":[{"href":"https:\/\/indeks.bilten.mk\/index.php?rest_route=\/wp\/v2\/posts\/16046","targetHints":{"allow":["GET"]}}],"collection":[{"href":"https:\/\/indeks.bilten.mk\/index.php?rest_route=\/wp\/v2\/posts"}],"about":[{"href":"https:\/\/indeks.bilten.mk\/index.php?rest_route=\/wp\/v2\/types\/post"}],"author":[{"embeddable":true,"href":"https:\/\/indeks.bilten.mk\/index.php?rest_route=\/wp\/v2\/users\/14"}],"replies":[{"embeddable":true,"href":"https:\/\/indeks.bilten.mk\/index.php?rest_route=%2Fwp%2Fv2%2Fcomments&post=16046"}],"version-history":[{"count":0,"href":"https:\/\/indeks.bilten.mk\/index.php?rest_route=\/wp\/v2\/posts\/16046\/revisions"}],"wp:attachment":[{"href":"https:\/\/indeks.bilten.mk\/index.php?rest_route=%2Fwp%2Fv2%2Fmedia&parent=16046"}],"wp:term":[{"taxonomy":"category","embeddable":true,"href":"https:\/\/indeks.bilten.mk\/index.php?rest_route=%2Fwp%2Fv2%2Fcategories&post=16046"},{"taxonomy":"post_tag","embeddable":true,"href":"https:\/\/indeks.bilten.mk\/index.php?rest_route=%2Fwp%2Fv2%2Ftags&post=16046"}],"curies":[{"name":"wp","href":"https:\/\/api.w.org\/{rel}","templated":true}]}}