{"id":16048,"date":"2023-09-09T19:43:16","date_gmt":"2023-09-09T17:43:16","guid":{"rendered":"https:\/\/indeks.mk\/?p=16048"},"modified":"2023-09-09T19:43:16","modified_gmt":"2023-09-09T17:43:16","slug":"kengetarja-shqiptare-nena-me-e-re-konfirmon-lajmin-se-eshte-shtatzene","status":"publish","type":"post","link":"https:\/\/indeks.bilten.mk\/?p=16048","title":{"rendered":"K\u00ebng\u00ebtarja shqiptare n\u00ebna m\u00eb e re, konfirmon lajmin se \u00ebsht\u00eb shtatz\u00ebn\u00eb"},"content":{"rendered":"<p><strong>Dit\u00eb m\u00eb par\u00eb Greta Koci u b\u00eb virale n\u00eb rrjet pasi u aludua p\u00ebr nj\u00eb shtatz\u00ebni t\u00eb mundshme.<\/strong><\/p>\n<p>K\u00ebt\u00eb e konfirmoi edhe vet\u00eb Greta, ajo \u00ebsht\u00eb n\u00eb muajt e par\u00eb t\u00eb shtatz\u00ebnis\u00eb.<\/p>\n<p><img loading=\"lazy\" decoding=\"async\" class=\"alignnone size-full wp-image-497831\" src=\"https:\/\/i0.wp.com\/www.kosovarja-ks.com\/wp-content\/uploads\/2023\/09\/375441765_734984111690642_8380131921556461885_n.jpg?resize=1125%2C1522&amp;ssl=1\" sizes=\"auto, (max-width: 1000px) 100vw, 1000px\" srcset=\"https:\/\/i0.wp.com\/www.kosovarja-ks.com\/wp-content\/uploads\/2023\/09\/375441765_734984111690642_8380131921556461885_n.jpg?w=1125&amp;ssl=1 1125w, https:\/\/i0.wp.com\/www.kosovarja-ks.com\/wp-content\/uploads\/2023\/09\/375441765_734984111690642_8380131921556461885_n.jpg?resize=222%2C300&amp;ssl=1 222w, https:\/\/i0.wp.com\/www.kosovarja-ks.com\/wp-content\/uploads\/2023\/09\/375441765_734984111690642_8380131921556461885_n.jpg?resize=757%2C1024&amp;ssl=1 757w, https:\/\/i0.wp.com\/www.kosovarja-ks.com\/wp-content\/uploads\/2023\/09\/375441765_734984111690642_8380131921556461885_n.jpg?resize=768%2C1039&amp;ssl=1 768w, https:\/\/i0.wp.com\/www.kosovarja-ks.com\/wp-content\/uploads\/2023\/09\/375441765_734984111690642_8380131921556461885_n.jpg?resize=750%2C1015&amp;ssl=1 750w\" alt=\"\" width=\"673\" height=\"911\" data-pin-no-hover=\"true\" \/><\/p>\n<p>Greta me nj\u00eb video t\u00eb ndar\u00eb n\u00eb rrjete sociale mori shum\u00eb urime nga ndjek\u00ebsit e saj.<\/p>\n<p>Stafi i revist\u00ebs \u201cKosovarja\u201d, uron q\u00eb Gerta t\u00eb sjell\u00eb n\u00eb jet\u00eb nj\u00eb foshnje t\u00eb sh\u00ebndetshme.<\/p>\n<p><iframe id=\"instagram-embed-0\" class=\"instagram-media instagram-media-rendered\" src=\"https:\/\/www.instagram.com\/reel\/Cw-pGSrtWiO\/embed\/captioned\/?cr=1&amp;v=14&amp;wp=625&amp;rd=https%3A%2F%2Fwww.kosovarja-ks.com&amp;rp=%2Fgreta-koci-nena-me-e-re-konfirmon-se-eshte-ne-pritje-te-embel%2F#%7B%22ci%22%3A0%2C%22os%22%3A3693%7D\" height=\"1242\" frameborder=\"0\" scrolling=\"no\" allowfullscreen=\"allowfullscreen\" data-instgrm-payload-id=\"instagram-media-payload-0\" data-mce-fragment=\"1\"><\/iframe><\/p>\n","protected":false},"excerpt":{"rendered":"<p>Dit\u00eb m\u00eb par\u00eb Greta Koci u b\u00eb virale n\u00eb rrjet pasi u aludua p\u00ebr nj\u00eb shtatz\u00ebni t\u00eb mundshme. K\u00ebt\u00eb e konfirmoi edhe vet\u00eb Greta, ajo<\/p>\n","protected":false},"author":14,"featured_media":16049,"comment_status":"open","ping_status":"open","sticky":false,"template":"","format":"standard","meta":{"footnotes":""},"categories":[49],"tags":[],"class_list":["post-16048","post","type-post","status-publish","format-standard","has-post-thumbnail","hentry","category-showbiz"],"_links":{"self":[{"href":"https:\/\/indeks.bilten.mk\/index.php?rest_route=\/wp\/v2\/posts\/16048","targetHints":{"allow":["GET"]}}],"collection":[{"href":"https:\/\/indeks.bilten.mk\/index.php?rest_route=\/wp\/v2\/posts"}],"about":[{"href":"https:\/\/indeks.bilten.mk\/index.php?rest_route=\/wp\/v2\/types\/post"}],"author":[{"embeddable":true,"href":"https:\/\/indeks.bilten.mk\/index.php?rest_route=\/wp\/v2\/users\/14"}],"replies":[{"embeddable":true,"href":"https:\/\/indeks.bilten.mk\/index.php?rest_route=%2Fwp%2Fv2%2Fcomments&post=16048"}],"version-history":[{"count":0,"href":"https:\/\/indeks.bilten.mk\/index.php?rest_route=\/wp\/v2\/posts\/16048\/revisions"}],"wp:featuredmedia":[{"embeddable":true,"href":"https:\/\/indeks.bilten.mk\/index.php?rest_route=\/wp\/v2\/media\/16049"}],"wp:attachment":[{"href":"https:\/\/indeks.bilten.mk\/index.php?rest_route=%2Fwp%2Fv2%2Fmedia&parent=16048"}],"wp:term":[{"taxonomy":"category","embeddable":true,"href":"https:\/\/indeks.bilten.mk\/index.php?rest_route=%2Fwp%2Fv2%2Fcategories&post=16048"},{"taxonomy":"post_tag","embeddable":true,"href":"https:\/\/indeks.bilten.mk\/index.php?rest_route=%2Fwp%2Fv2%2Ftags&post=16048"}],"curies":[{"name":"wp","href":"https:\/\/api.w.org\/{rel}","templated":true}]}}