{"id":16053,"date":"2023-09-10T10:42:39","date_gmt":"2023-09-10T08:42:39","guid":{"rendered":"https:\/\/indeks.mk\/?p=16053"},"modified":"2023-09-10T10:42:39","modified_gmt":"2023-09-10T08:42:39","slug":"historia-rreqethese-e-gruas-nga-maroku-kater-femijet-dhe-burri-im-vdiqen-kam-humbur-gjithcka","status":"publish","type":"post","link":"https:\/\/indeks.bilten.mk\/?p=16053","title":{"rendered":"Historia rr\u00ebqeth\u00ebse e gruas nga Maroku: Kat\u00ebr f\u00ebmij\u00ebt dhe burri im vdiq\u00ebn, kam humbur gjith\u00e7ka"},"content":{"rendered":"<p><strong>Nj\u00eb grua marokene nga nj\u00eb fshat n\u00eb provinc\u00ebn e Chichau, pran\u00eb Marakeshit, humbi burrin dhe kat\u00ebr f\u00ebmij\u00ebt e saj n\u00eb t\u00ebrmetin q\u00eb goditi Marokun t\u00eb premten.<\/strong><\/p>\n<p>\u201cBurri im dhe kat\u00ebr f\u00ebmij\u00ebt vdiq\u00ebn n\u00eb t\u00ebrmetin shkat\u00ebrrues. Un\u00eb mbeta vet\u00ebm pa asgj\u00eb\u201d, tha n\u00ebna e pik\u00eblluar p\u00ebr Channel 1 t\u00eb Marokut, transmeton Telegrafi.<\/p>\n<p>M\u00eb shum\u00eb se nj\u00eb 2 mij\u00eb njer\u00ebz humb\u00ebn jet\u00ebn dhe m\u00eb shum\u00eb se 3 mij\u00eb tjer\u00eb u l\u00ebnduan n\u00eb nj\u00eb t\u00ebrmet t\u00eb fuqish\u00ebm me magnitud\u00eb 7.2 q\u00eb goditi Marokun, njoftoi t\u00eb shtun\u00ebn Ministria e Brendshme e vendit.<\/p>\n<p>Nd\u00ebrkoh\u00eb \u00ebsht\u00eb b\u00ebr\u00eb e ditur se n\u00eb mesin e t\u00eb l\u00ebnduarve mbi 1 mij\u00eb jan\u00eb n\u00eb gjendje kritike. Rastet me vdekje nga t\u00ebrmeti shkat\u00ebrruar jan\u00eb regjistruar n\u00eb shum\u00eb rajone, p\u00ebrfshir\u00eb provinca Al Hauz dhe Marakesh, si dhe qytetet Ourzazate, Azilal, Chichau dhe Taroudant.<\/p>\n<p>Po konsiderohet si t\u00ebrmeti m\u00eb i fuqish\u00ebm q\u00eb goditi k\u00ebt\u00eb vend n\u00eb Afrik\u00ebn e Veriut n\u00eb 100 vitet e fundit, kan\u00eb b\u00ebr\u00eb t\u00eb ditur nga Instituti Komb\u00ebtar p\u00ebr Gjeofizik\u00eb n\u00eb Marok.<\/p>\n<p>Sh\u00ebrbimi Gjeologjik i Shteteve t\u00eb Bashkuara (USGS) njoftoi se epiqendra e t\u00ebrmetit, i cili ndodhi pak pas or\u00ebs 23:00, ishte 75 kilometra n\u00eb juglindje t\u00eb Marakeshit, n\u00eb nj\u00eb thell\u00ebsi prej 18.5 kilometrash.<\/p>\n<p>T\u00ebrmeti \u00ebsht\u00eb ndjer\u00eb edhe n\u00eb Algjerin\u00eb dhe Mauritanin\u00eb fqinje.<\/p>\n","protected":false},"excerpt":{"rendered":"<p>Nj\u00eb grua marokene nga nj\u00eb fshat n\u00eb provinc\u00ebn e Chichau, pran\u00eb Marakeshit, humbi burrin dhe kat\u00ebr f\u00ebmij\u00ebt e saj n\u00eb t\u00ebrmetin q\u00eb goditi Marokun t\u00eb<\/p>\n","protected":false},"author":14,"featured_media":16054,"comment_status":"open","ping_status":"open","sticky":false,"template":"","format":"standard","meta":{"footnotes":""},"categories":[46],"tags":[],"class_list":["post-16053","post","type-post","status-publish","format-standard","has-post-thumbnail","hentry","category-bota"],"_links":{"self":[{"href":"https:\/\/indeks.bilten.mk\/index.php?rest_route=\/wp\/v2\/posts\/16053","targetHints":{"allow":["GET"]}}],"collection":[{"href":"https:\/\/indeks.bilten.mk\/index.php?rest_route=\/wp\/v2\/posts"}],"about":[{"href":"https:\/\/indeks.bilten.mk\/index.php?rest_route=\/wp\/v2\/types\/post"}],"author":[{"embeddable":true,"href":"https:\/\/indeks.bilten.mk\/index.php?rest_route=\/wp\/v2\/users\/14"}],"replies":[{"embeddable":true,"href":"https:\/\/indeks.bilten.mk\/index.php?rest_route=%2Fwp%2Fv2%2Fcomments&post=16053"}],"version-history":[{"count":0,"href":"https:\/\/indeks.bilten.mk\/index.php?rest_route=\/wp\/v2\/posts\/16053\/revisions"}],"wp:featuredmedia":[{"embeddable":true,"href":"https:\/\/indeks.bilten.mk\/index.php?rest_route=\/wp\/v2\/media\/16054"}],"wp:attachment":[{"href":"https:\/\/indeks.bilten.mk\/index.php?rest_route=%2Fwp%2Fv2%2Fmedia&parent=16053"}],"wp:term":[{"taxonomy":"category","embeddable":true,"href":"https:\/\/indeks.bilten.mk\/index.php?rest_route=%2Fwp%2Fv2%2Fcategories&post=16053"},{"taxonomy":"post_tag","embeddable":true,"href":"https:\/\/indeks.bilten.mk\/index.php?rest_route=%2Fwp%2Fv2%2Ftags&post=16053"}],"curies":[{"name":"wp","href":"https:\/\/api.w.org\/{rel}","templated":true}]}}