{"id":16056,"date":"2023-09-10T10:46:18","date_gmt":"2023-09-10T08:46:18","guid":{"rendered":"https:\/\/indeks.mk\/?p=16056"},"modified":"2023-09-10T10:46:18","modified_gmt":"2023-09-10T08:46:18","slug":"momenti-kur-nga-termeti-i-fuqishem-lekundet-minarja-e-xhamise-850-vjecare-ne-marok-video","status":"publish","type":"post","link":"https:\/\/indeks.bilten.mk\/?p=16056","title":{"rendered":"Momenti kur nga t\u00ebrmeti i fuqish\u00ebm l\u00ebkundet minarja e xhamis\u00eb 850-vje\u00e7are n\u00eb Marok (VIDEO)"},"content":{"rendered":"<p><strong>Nj\u00eb prej p\u00ebrdoruesve t\u00eb rrjetit social X, ka regjistruar momentin kur minarja e xhamis\u00eb s\u00eb vjet\u00ebr 850 vite n\u00eb\u00a0 Marok, shkundet nga dridhjet e fuqishme.<\/strong><\/p>\n<p>Nga ky t\u00ebrmet deri m\u00eb tani kan\u00eb humbur jet\u00ebn mbi 2 mij\u00eb persona, kurse mbi 1.400 tjer\u00eb jan\u00eb n\u00eb gjendje kritike, transmeton Telegrafi.<\/p>\n<p>Mbi 300 mij\u00eb banor\u00eb jan\u00eb prekur nga ky t\u00ebrmet i fuqish\u00ebm q\u00eb goditi kryesisht pjes\u00ebt malore, kurse shum\u00eb prej tyre e kan\u00eb kaluar nat\u00ebn e dyt\u00eb n\u00eb ambient t\u00eb hapur.<\/p>\n<p>B\u00ebhet fjal\u00eb p\u00ebr xhamin\u00eb n\u00eb sheshin e Marakeshit, n\u00eb video shihet njer\u00ebzit duke ikur sa m\u00eb larg q\u00eb munden nga xhamia, nga frika se ajo mund t\u00eb shembet dhe t\u2019i z\u00eb n\u00ebn.<\/p>\n<p>Ndryshe, kjo qend\u00ebr ekonomike, ishte m\u00eb s\u00eb af\u00ebrti epiqendr\u00ebs s\u00eb t\u00ebrmetit. Banor\u00ebt ishin d\u00ebshmitar\u00eb t\u00eb shembjes s\u00eb disa nd\u00ebrtesave q\u00eb ishin n\u00eb list\u00ebn e trash\u00ebgimis\u00eb bot\u00ebrore t\u00eb UNESCO-s.<\/p>\n<p>Megjithat\u00eb pavar\u00ebsisht fuqis\u00eb s\u00eb madhe shkat\u00ebrruese t\u00eb t\u00ebrmetit prej 7.2 shkall\u00eb t\u00eb Rihterit, minarja e xhamis\u00eb i mbijetoi m\u00eb t\u00eb keqes.<\/p>\n<p>Videon mund ta shikoni\u00a0<a href=\"https:\/\/twitter.com\/GlobeEyeNews\/status\/1700476727456342144?ref_src=twsrc%5Etfw%7Ctwcamp%5Etweetembed%7Ctwterm%5E1700476727456342144%7Ctwgr%5E962c70832c05031f28dcd8776eefd31cc311267c%7Ctwcon%5Es1_&amp;ref_url=https%3A%2F%2Ftelegrafi.com%2Fmomenti-kur-nga-termeti-fuqishem-lekundet-minarja-e-xhamise-850-vjecare-ne-marok%2F\">K\u00cbTU<\/a>.<\/p>\n","protected":false},"excerpt":{"rendered":"<p>Nj\u00eb prej p\u00ebrdoruesve t\u00eb rrjetit social X, ka regjistruar momentin kur minarja e xhamis\u00eb s\u00eb vjet\u00ebr 850 vite n\u00eb\u00a0 Marok, shkundet nga dridhjet e fuqishme.<\/p>\n","protected":false},"author":14,"featured_media":16057,"comment_status":"open","ping_status":"open","sticky":false,"template":"","format":"standard","meta":{"footnotes":""},"categories":[46],"tags":[],"class_list":["post-16056","post","type-post","status-publish","format-standard","has-post-thumbnail","hentry","category-bota"],"_links":{"self":[{"href":"https:\/\/indeks.bilten.mk\/index.php?rest_route=\/wp\/v2\/posts\/16056","targetHints":{"allow":["GET"]}}],"collection":[{"href":"https:\/\/indeks.bilten.mk\/index.php?rest_route=\/wp\/v2\/posts"}],"about":[{"href":"https:\/\/indeks.bilten.mk\/index.php?rest_route=\/wp\/v2\/types\/post"}],"author":[{"embeddable":true,"href":"https:\/\/indeks.bilten.mk\/index.php?rest_route=\/wp\/v2\/users\/14"}],"replies":[{"embeddable":true,"href":"https:\/\/indeks.bilten.mk\/index.php?rest_route=%2Fwp%2Fv2%2Fcomments&post=16056"}],"version-history":[{"count":0,"href":"https:\/\/indeks.bilten.mk\/index.php?rest_route=\/wp\/v2\/posts\/16056\/revisions"}],"wp:featuredmedia":[{"embeddable":true,"href":"https:\/\/indeks.bilten.mk\/index.php?rest_route=\/wp\/v2\/media\/16057"}],"wp:attachment":[{"href":"https:\/\/indeks.bilten.mk\/index.php?rest_route=%2Fwp%2Fv2%2Fmedia&parent=16056"}],"wp:term":[{"taxonomy":"category","embeddable":true,"href":"https:\/\/indeks.bilten.mk\/index.php?rest_route=%2Fwp%2Fv2%2Fcategories&post=16056"},{"taxonomy":"post_tag","embeddable":true,"href":"https:\/\/indeks.bilten.mk\/index.php?rest_route=%2Fwp%2Fv2%2Ftags&post=16056"}],"curies":[{"name":"wp","href":"https:\/\/api.w.org\/{rel}","templated":true}]}}