{"id":16059,"date":"2023-09-10T10:49:06","date_gmt":"2023-09-10T08:49:06","guid":{"rendered":"https:\/\/indeks.mk\/?p=16059"},"modified":"2023-09-10T10:49:06","modified_gmt":"2023-09-10T08:49:06","slug":"fotografia-e-saj-ne-fadil-vokrri-reagon-rita-ora-te-dua-kosove","status":"publish","type":"post","link":"https:\/\/indeks.bilten.mk\/?p=16059","title":{"rendered":"Fotografia e saj n\u00eb \u201cFadil Vokrri\u201d, reagon Rita Ora: T\u00eb dua Kosov\u00eb&#8230;"},"content":{"rendered":"<p><strong>N\u00eb stadiumin \u201cFadil Vokrri\u201d t\u00eb shtun\u00ebn u zhvillua ndeshja n\u00eb mes t\u00eb Kosov\u00ebs dhe Zvicr\u00ebs e vlefshme p\u00ebr kualifikim n\u00eb \u201cEuro 2024\u201d, e cila p\u00ebrfundoi n\u00eb rezultar 2-2.<\/strong><\/p>\n<p>N\u00eb tribun\u00eb, tifoz\u00ebt Dardan\u00eb kishin p\u00ebrgatitur nj\u00eb koreografi p\u00ebr t\u00eb nderuar lojtar\u00ebt e Kosov\u00ebs, polic\u00ebt, ushtar\u00ebt dhe mjek\u00ebt.<\/p>\n<p>Nd\u00ebrsa n\u00eb krye t\u00eb banerit gjigant ishte vendosur ylli shqiptar me fam\u00eb bot\u00ebrore, Rita Ora, me shallin me flamurin e Kosov\u00ebs \u2013 nga sekuencat e klipit t\u00eb famsh\u00ebm \u201cShine Ya Light\u201d.<\/p>\n<p><a href=\"https:\/\/raporto24.com\/wp-content\/uploads\/2023\/09\/image-91.png\"><img loading=\"lazy\" decoding=\"async\" class=\"alignnone size-full wp-image-155175\" src=\"https:\/\/raporto24.com\/wp-content\/uploads\/2023\/09\/image-91.png\" sizes=\"auto, (max-width: 338px) 100vw, 338px\" srcset=\"https:\/\/raporto24.com\/wp-content\/uploads\/2023\/09\/image-91.png 338w, https:\/\/raporto24.com\/wp-content\/uploads\/2023\/09\/image-91-169x300.png 169w\" alt=\"\" width=\"338\" height=\"600\" \/><\/a><\/p>\n<p>E mesa duket nj\u00eb nderim i till\u00eb i ka r\u00ebn\u00eb n\u00eb sy edhe vet\u00eb k\u00ebng\u00ebtares s\u00eb hiteve nd\u00ebrkomb\u00ebtare, e cila i rishp\u00ebrndau pamjet e publikuara nga presidentja e vendit, Vjosa Osmani p\u00ebr 16 milion\u00eb ndjek\u00ebsit e saj n\u00eb Instagram, si dhe t\u00eb nj\u00eb faqeje fansash t\u00eb P\u00ebrfaq\u00ebsueses s\u00eb Kosov\u00ebs, ku shkruhej: \u201cPrezenca e saj na solli neve fat\u201d.<\/p>\n","protected":false},"excerpt":{"rendered":"<p>N\u00eb stadiumin \u201cFadil Vokrri\u201d t\u00eb shtun\u00ebn u zhvillua ndeshja n\u00eb mes t\u00eb Kosov\u00ebs dhe Zvicr\u00ebs e vlefshme p\u00ebr kualifikim n\u00eb \u201cEuro 2024\u201d, e cila p\u00ebrfundoi<\/p>\n","protected":false},"author":14,"featured_media":16060,"comment_status":"open","ping_status":"open","sticky":false,"template":"","format":"standard","meta":{"footnotes":""},"categories":[49],"tags":[],"class_list":["post-16059","post","type-post","status-publish","format-standard","has-post-thumbnail","hentry","category-showbiz"],"_links":{"self":[{"href":"https:\/\/indeks.bilten.mk\/index.php?rest_route=\/wp\/v2\/posts\/16059","targetHints":{"allow":["GET"]}}],"collection":[{"href":"https:\/\/indeks.bilten.mk\/index.php?rest_route=\/wp\/v2\/posts"}],"about":[{"href":"https:\/\/indeks.bilten.mk\/index.php?rest_route=\/wp\/v2\/types\/post"}],"author":[{"embeddable":true,"href":"https:\/\/indeks.bilten.mk\/index.php?rest_route=\/wp\/v2\/users\/14"}],"replies":[{"embeddable":true,"href":"https:\/\/indeks.bilten.mk\/index.php?rest_route=%2Fwp%2Fv2%2Fcomments&post=16059"}],"version-history":[{"count":0,"href":"https:\/\/indeks.bilten.mk\/index.php?rest_route=\/wp\/v2\/posts\/16059\/revisions"}],"wp:featuredmedia":[{"embeddable":true,"href":"https:\/\/indeks.bilten.mk\/index.php?rest_route=\/wp\/v2\/media\/16060"}],"wp:attachment":[{"href":"https:\/\/indeks.bilten.mk\/index.php?rest_route=%2Fwp%2Fv2%2Fmedia&parent=16059"}],"wp:term":[{"taxonomy":"category","embeddable":true,"href":"https:\/\/indeks.bilten.mk\/index.php?rest_route=%2Fwp%2Fv2%2Fcategories&post=16059"},{"taxonomy":"post_tag","embeddable":true,"href":"https:\/\/indeks.bilten.mk\/index.php?rest_route=%2Fwp%2Fv2%2Ftags&post=16059"}],"curies":[{"name":"wp","href":"https:\/\/api.w.org\/{rel}","templated":true}]}}