{"id":16067,"date":"2023-09-10T16:17:41","date_gmt":"2023-09-10T14:17:41","guid":{"rendered":"https:\/\/indeks.mk\/?p=16067"},"modified":"2023-09-10T16:18:17","modified_gmt":"2023-09-10T14:18:17","slug":"vmro-7-here-e-ndryshoi-kodin-penal-vetem-ne-vitin-2014-kujt-i-dha-ate-kohe-amnisti","status":"publish","type":"post","link":"https:\/\/indeks.bilten.mk\/?p=16067","title":{"rendered":"VMRO &#8211; 7 her\u00eb e ndryshoi Kodin Penal vet\u00ebm n\u00eb vitin 2014, kujt i dha at\u00eb koh\u00eb amnisti?"},"content":{"rendered":"<p>Nd\u00ebrkoh\u00eb q\u00eb debati p\u00ebr ndryshimet n\u00eb Kodin Penal vazhdon t\u00eb jet\u00eb top tem\u00eb n\u00eb spektrin politik t\u00eb vendit, Indeks.mk \u2013 u sjell\u00eb se sa her\u00eb ka p\u00ebsuar ndryshime ky ligj ne dhjet\u00eb vitet e fundit.<\/p>\n<p>Kodi penal ka p\u00ebsuar ndryshime n\u00eb vitin 2013, pastaj n\u00eb vitin 2014 shtat\u00eb ndryshime, pothuajse \u00e7do muaj. N\u00eb dhjetor t\u00eb vitit 2015 po ashtu ka p\u00ebsuar ndryshime. T\u00eb gjitha k\u00ebto ndryshime gjat\u00eb qeverisjes s\u00eb VMRO-DPMNE-s\u00eb.<\/p>\n<p><img loading=\"lazy\" decoding=\"async\" class=\"aligncenter size-full wp-image-16068\" src=\"https:\/\/indeks.mk\/wp-content\/uploads\/2023\/09\/375966971_807765601099005_8357218731232064501_n-1.jpg\" alt=\"\" width=\"1080\" height=\"673\" \/><\/p>\n<p>Tani kur Kodi Penal ka p\u00ebsuar ndryshime p\u00ebr shkak t\u00eb p\u00ebrmbushjes s\u00eb dispozitave europiane, opozita ka ngritur dyshime dhe akuza p\u00ebr k\u00ebt\u00eb proces, duke aluduar se dikush mund t\u00eb ik\u00eb nga drejt\u00ebsia.<\/p>\n<p>Si\u00e7 kan\u00eb b\u00ebr\u00eb t\u00eb ditur nga Qeveria, ndryshimet n\u00eb Kodin Penal do t\u00eb rezultojn\u00eb n\u00eb procedime gjyq\u00ebsore m\u00eb efikase dhe efektive. Si\u00e7 b\u00ebhet e ditur nga shumica parlamentare, ndryshimet do t\u00eb mund\u00ebsonin edhe konfiskimin efektiv t\u00eb pasuris\u00eb s\u00eb fituar n\u00eb m\u00ebnyr\u00eb t\u00eb paligjshme.<\/p>\n<p>\u201cK\u00ebto ndryshime jan\u00eb pik\u00ebrisht ajo \u2013 nd\u00ebshkim m\u00eb i shpejt\u00eb, identifikimi i akteve specifike dhe konfiskimi i pasuris\u00eb s\u00eb fituar n\u00eb m\u00ebnyr\u00eb t\u00eb paligjshme. Askund n\u00eb Ligj, n\u00ebse e shikoni, nuk ka amnisti p\u00ebr ask\u00ebnd. N\u00ebse do t\u00eb kishte nj\u00eb amnisti, sot ndoshta dikush do t\u00eb ishte amnistuar tashm\u00eb, sepse ligji tashm\u00eb \u00ebsht\u00eb n\u00ebnshkruar nga presidenti i vendit\u201d, jan\u00eb deklaruar nga Qeveria.<\/p>\n<p>Ndryshimet n\u00eb Kodin Penal u miratuan me 48 vota pro dhe u propozuan nga Qeveria. Presidenti Stevo Pendarovski, i cili n\u00ebnshkroi dekretin p\u00ebr ndryshimet e reja, gjithashtu reagoi shpejt. Kabineti i tij vuri theksin n\u00eb konfiskimin e pasuris\u00eb dhe theksoi se ata nuk parashikonin amnisti p\u00ebr krimet e kryera gjat\u00eb kryerjes s\u00eb sh\u00ebrbimit.<span style=\"color: #800000;\"><strong>(Indeks.mk) <\/strong><\/span><\/p>\n","protected":false},"excerpt":{"rendered":"<p>Nd\u00ebrkoh\u00eb q\u00eb debati p\u00ebr ndryshimet n\u00eb Kodin Penal vazhdon t\u00eb jet\u00eb top tem\u00eb n\u00eb spektrin politik t\u00eb vendit, Indeks.mk \u2013 u sjell\u00eb se sa her\u00eb<\/p>\n","protected":false},"author":14,"featured_media":16069,"comment_status":"open","ping_status":"open","sticky":false,"template":"","format":"standard","meta":{"footnotes":""},"categories":[44],"tags":[],"class_list":["post-16067","post","type-post","status-publish","format-standard","has-post-thumbnail","hentry","category-maqedoni"],"_links":{"self":[{"href":"https:\/\/indeks.bilten.mk\/index.php?rest_route=\/wp\/v2\/posts\/16067","targetHints":{"allow":["GET"]}}],"collection":[{"href":"https:\/\/indeks.bilten.mk\/index.php?rest_route=\/wp\/v2\/posts"}],"about":[{"href":"https:\/\/indeks.bilten.mk\/index.php?rest_route=\/wp\/v2\/types\/post"}],"author":[{"embeddable":true,"href":"https:\/\/indeks.bilten.mk\/index.php?rest_route=\/wp\/v2\/users\/14"}],"replies":[{"embeddable":true,"href":"https:\/\/indeks.bilten.mk\/index.php?rest_route=%2Fwp%2Fv2%2Fcomments&post=16067"}],"version-history":[{"count":0,"href":"https:\/\/indeks.bilten.mk\/index.php?rest_route=\/wp\/v2\/posts\/16067\/revisions"}],"wp:featuredmedia":[{"embeddable":true,"href":"https:\/\/indeks.bilten.mk\/index.php?rest_route=\/wp\/v2\/media\/16069"}],"wp:attachment":[{"href":"https:\/\/indeks.bilten.mk\/index.php?rest_route=%2Fwp%2Fv2%2Fmedia&parent=16067"}],"wp:term":[{"taxonomy":"category","embeddable":true,"href":"https:\/\/indeks.bilten.mk\/index.php?rest_route=%2Fwp%2Fv2%2Fcategories&post=16067"},{"taxonomy":"post_tag","embeddable":true,"href":"https:\/\/indeks.bilten.mk\/index.php?rest_route=%2Fwp%2Fv2%2Ftags&post=16067"}],"curies":[{"name":"wp","href":"https:\/\/api.w.org\/{rel}","templated":true}]}}