{"id":16082,"date":"2023-09-11T08:50:24","date_gmt":"2023-09-11T06:50:24","guid":{"rendered":"https:\/\/indeks.mk\/?p=16082"},"modified":"2023-09-11T08:50:24","modified_gmt":"2023-09-11T06:50:24","slug":"shkupi-sot-mirepret-presidentet-e-rajonit-do-te-mbahet-takimi-i-lidereve-te-procesit-berdo-brioni","status":"publish","type":"post","link":"https:\/\/indeks.bilten.mk\/?p=16082","title":{"rendered":"Shkupi sot mir\u00ebpret president\u00ebt e rajonit, do t\u00eb mbahet takimi i lider\u00ebve t\u00eb procesit B\u00ebrdo-Brioni"},"content":{"rendered":"<p>Shkupi sot do t\u00eb mbledh\u00eb bashk\u00eb president\u00ebt e rajonit, n\u00eb kuad\u00ebr t\u00eb Procesit B\u00ebrdo-Brioni.<\/p>\n<div class=\"code-block code-block-43 code-block-pas-paragrafit-2t-inarticle\">\n<div>\n<div class=\"code-block-label\">Nikoqir i takimit t\u00eb lider\u00ebve t\u00eb vendeve pjes\u00ebmarr\u00ebse \u00ebsht\u00eb Presidenti Stevo Pendarovski, nd\u00ebrsa bashk\u00ebprit\u00ebs jan\u00eb Presidenti i Kroacis\u00eb, Zoran Milanovi\u00e7 dhe Presidenten e Sllovenis\u00eb, Natasha Pirc-Musar.<\/div>\n<\/div>\n<\/div>\n<p>Pjes\u00eb e takimit pitet t\u00eb jen\u00eb Presidenti i Shqip\u00ebris\u00eb, Bajram Begaj, presidentja e Kosov\u00ebs, Vjosa Osmani-Sadriu, presidenti i Serbis\u00eb, Aleksandar Vu\u00e7iq, ai i Malit t\u00eb Zi, Jakov Milatoviq si dhe an\u00ebtar\u00ebt e Presidenc\u00ebs s\u00eb Bosnj\u00ebs e Hercegovin\u00ebs.<\/p>\n<p>N\u00eb fokus t\u00eb takimit t\u00eb sivjetsh\u00ebm t\u00eb lider\u00ebve t\u00eb vendeve pjes\u00ebmarr\u00ebse n\u00eb Procesin Brdo-Brioni jan\u00eb integrimi evropian, ndryshimet klimatike dhe emigracioni i t\u00eb rinjve.<\/p>\n<p>Q\u00ebllimi kryesor i procesit \u00ebsht\u00eb integrimi i plot\u00eb i vendeve t\u00eb rajonit n\u00eb Bashkimin Europian, stabilizimi i situat\u00ebs n\u00eb Ballkanin Per\u00ebndimor duke forcuar bashk\u00ebpunimin rajonal dhe zgjidhjen e \u00e7\u00ebshtjeve t\u00eb hapura.<\/p>\n<div class=\"ai-viewport-1\" data-insertion-position=\"prepend\" data-selector=\".ai-insert-1-16291510\" data-insertion-no-dbg=\"\" data-code=\"PGRpdiBjbGFzcz0nY29kZS1ibG9jayBjb2RlLWJsb2NrLTEgY29kZS1ibG9jay1pbmFydGljbGUtZGVza3RvcCcgc3R5bGU9J21hcmdpbjogOHB4IGF1dG87IHRleHQtYWxpZ246IGNlbnRlcjsgZGlzcGxheTogYmxvY2s7IGNsZWFyOiBib3RoOyB3aWR0aDogMzAwcHg7IGhlaWdodDogNDIwcHg7IGJhY2tncm91bmQtY29sb3I6ICNmZmZmZmY7Jz4KPGRpdiBzdHlsZT0icG9zaXRpb246IHN0aWNreTsgdG9wOiAxNXB4OyI+CjxkaXYgY2xhc3M9ImNvZGUtYmxvY2stbGFiZWwiPlJla2xhbWE8L2Rpdj4KPGRpdiBkYXRhLWFkLXVuaXQtaWQ9Ii8yMjY0NjY1NzExOC9Jbi1hcnRpY2xlX2JveF8yIj48L2Rpdj4KPC9kaXY+CjxkaXYgc3R5bGU9IiBoZWlnaHQ6IDM5MHB4OyI+PC9kaXY+CjwvZGl2Pgo=\" data-block=\"1\">\n<div class=\"code-block code-block-1 code-block-inarticle-desktop\">\n<div>\n<div class=\"code-block-label\">P\u00ebrndryshe, procesi Brdo-Brioni u mbajt p\u00ebr her\u00eb t\u00eb par\u00eb n\u00eb vitin 2013 me iniciativ\u00ebn e p\u00ebrbashk\u00ebt t\u00eb president\u00ebve t\u00eb Sllovenis\u00eb dhe Kroacis\u00eb.<\/div>\n<\/div>\n<\/div>\n<\/div>\n<div class=\"code-block code-block-46 code-block-instream-fundposti\"><\/div>\n","protected":false},"excerpt":{"rendered":"<p>Shkupi sot do t\u00eb mbledh\u00eb bashk\u00eb president\u00ebt e rajonit, n\u00eb kuad\u00ebr t\u00eb Procesit B\u00ebrdo-Brioni. Nikoqir i takimit t\u00eb lider\u00ebve t\u00eb vendeve pjes\u00ebmarr\u00ebse \u00ebsht\u00eb Presidenti Stevo<\/p>\n","protected":false},"author":14,"featured_media":16083,"comment_status":"open","ping_status":"open","sticky":false,"template":"","format":"standard","meta":{"footnotes":""},"categories":[44],"tags":[],"class_list":["post-16082","post","type-post","status-publish","format-standard","has-post-thumbnail","hentry","category-maqedoni"],"_links":{"self":[{"href":"https:\/\/indeks.bilten.mk\/index.php?rest_route=\/wp\/v2\/posts\/16082","targetHints":{"allow":["GET"]}}],"collection":[{"href":"https:\/\/indeks.bilten.mk\/index.php?rest_route=\/wp\/v2\/posts"}],"about":[{"href":"https:\/\/indeks.bilten.mk\/index.php?rest_route=\/wp\/v2\/types\/post"}],"author":[{"embeddable":true,"href":"https:\/\/indeks.bilten.mk\/index.php?rest_route=\/wp\/v2\/users\/14"}],"replies":[{"embeddable":true,"href":"https:\/\/indeks.bilten.mk\/index.php?rest_route=%2Fwp%2Fv2%2Fcomments&post=16082"}],"version-history":[{"count":0,"href":"https:\/\/indeks.bilten.mk\/index.php?rest_route=\/wp\/v2\/posts\/16082\/revisions"}],"wp:featuredmedia":[{"embeddable":true,"href":"https:\/\/indeks.bilten.mk\/index.php?rest_route=\/wp\/v2\/media\/16083"}],"wp:attachment":[{"href":"https:\/\/indeks.bilten.mk\/index.php?rest_route=%2Fwp%2Fv2%2Fmedia&parent=16082"}],"wp:term":[{"taxonomy":"category","embeddable":true,"href":"https:\/\/indeks.bilten.mk\/index.php?rest_route=%2Fwp%2Fv2%2Fcategories&post=16082"},{"taxonomy":"post_tag","embeddable":true,"href":"https:\/\/indeks.bilten.mk\/index.php?rest_route=%2Fwp%2Fv2%2Ftags&post=16082"}],"curies":[{"name":"wp","href":"https:\/\/api.w.org\/{rel}","templated":true}]}}