{"id":16085,"date":"2023-09-11T08:56:09","date_gmt":"2023-09-11T06:56:09","guid":{"rendered":"https:\/\/indeks.mk\/?p=16085"},"modified":"2023-09-11T08:56:09","modified_gmt":"2023-09-11T06:56:09","slug":"mariciq-ne-tetor-do-te-dihet-kush-eshte-per-be","status":"publish","type":"post","link":"https:\/\/indeks.bilten.mk\/?p=16085","title":{"rendered":"Mari\u00e7iq: N\u00eb tetor do t\u00eb dihet kush \u00ebsht\u00eb p\u00ebr BE"},"content":{"rendered":"<p>Z\u00ebvend\u00ebskryeministri p\u00ebr \u00e7\u00ebshtje evropiane, Bojan Mari\u00e7iq, ka vler\u00ebsuar q\u00eb deri n\u00eb muajin tetor do t\u00eb kuptohet cil\u00ebt deputet jan\u00eb p\u00ebr eurointegrime t\u00eb shpejta e kush p\u00ebr ngadal\u00ebsim t\u00eb procesit.<\/p>\n<div class=\"code-block code-block-43 code-block-pas-paragrafit-2t-inarticle\">\n<div>\n<div class=\"code-block-label\">\u201cDo t\u00eb p\u00ebrshpejtohet komunikimi me \u00e7do deputet n\u00eb periudh\u00ebn e ardhshme. Ne presim deri n\u00eb muajin shtator-tetor qart\u00eb t\u00eb deklarohen t\u00eb dy blloqet politike, nj\u00ebri q\u00eb \u00ebsht\u00eb p\u00ebr an\u00ebtar\u00ebsim t\u00eb shpejt\u00eb n\u00eb BE dhe tjetri q\u00eb \u00ebsht\u00eb kund\u00ebr an\u00ebtar\u00ebsimit n\u00eb BE dhe vler\u00ebsojn\u00eb se kemi koh\u00eb p\u00ebr pritje\u201d, deklaroi Mari\u00e7iq n\u00eb RTM 2.<\/div>\n<\/div>\n<\/div>\n<p>Ai vler\u00ebsoi q\u00eb pritja \u00ebsht\u00eb nj\u00eb strategji q\u00eb do t\u00eb largon t\u00eb gjith\u00eb t\u00eb rinjt\u00eb nga vendi jon\u00eb dhe do t\u00eb humb shpresat p\u00ebr Bashkimin Evropian.<\/p>\n<p>\u201cN\u00eb tetor do t\u00eb dihet kush \u00ebsht\u00eb p\u00ebr an\u00ebtar\u00ebsim n\u00eb BE, dhe kush p\u00ebr largimin e shtetit nga rruga evropiane\u201d, deklaroi Mari\u00e7iq, duke theksuar q\u00eb Maqedonia e Veriut duhet t\u00eb miraton ndryshimet kushtetuese n\u00ebse d\u00ebshiron t\u00eb kap mund\u00ebsin\u00eb p\u00ebr an\u00ebtar\u00ebsim deri n\u00eb vitin 2030.<\/p>\n<div class=\"ai-viewport-1\" data-insertion-position=\"prepend\" data-selector=\".ai-insert-1-72194118\" data-insertion-no-dbg=\"\" data-code=\"PGRpdiBjbGFzcz0nY29kZS1ibG9jayBjb2RlLWJsb2NrLTEgY29kZS1ibG9jay1pbmFydGljbGUtZGVza3RvcCcgc3R5bGU9J21hcmdpbjogOHB4IGF1dG87IHRleHQtYWxpZ246IGNlbnRlcjsgZGlzcGxheTogYmxvY2s7IGNsZWFyOiBib3RoOyB3aWR0aDogMzAwcHg7IGhlaWdodDogNDIwcHg7IGJhY2tncm91bmQtY29sb3I6ICNmZmZmZmY7Jz4KPGRpdiBzdHlsZT0icG9zaXRpb246IHN0aWNreTsgdG9wOiAxNXB4OyI+CjxkaXYgY2xhc3M9ImNvZGUtYmxvY2stbGFiZWwiPlJla2xhbWE8L2Rpdj4KPGRpdiBkYXRhLWFkLXVuaXQtaWQ9Ii8yMjY0NjY1NzExOC9Jbi1hcnRpY2xlX2JveF8yIj48L2Rpdj4KPC9kaXY+CjxkaXYgc3R5bGU9IiBoZWlnaHQ6IDM5MHB4OyI+PC9kaXY+CjwvZGl2Pgo=\" data-block=\"1\">\n<div class=\"code-block code-block-1 code-block-inarticle-desktop\">\n<div>\n<div class=\"code-block-label\">M\u00eb 18 gusht 2023 n\u00eb Kuvendin e Maqedonis\u00eb s\u00eb Veriut debati p\u00ebr fillimin e ndryshimeve kushtetuese mbaroi brenda pak or\u00ebsh. Votimi nuk dihet ende kur do t\u00eb b\u00ebhet.<\/div>\n<\/div>\n<\/div>\n<\/div>\n<p>N\u00eb m\u00ebnyr\u00eb q\u00eb t\u00eb b\u00ebhen ndryshimet kushtetuese duhet dy e treta e votave, konkretisht 80 vota nga gjithsej 120 deputet\u00eb n\u00eb Kuvend.<\/p>\n<p>Partia m\u00eb e madhe opozitare VMRO-DPMNE \u00ebsht\u00eb deklaruar se nuk do t\u2019i mb\u00ebshtes\u00eb k\u00ebto ndryshime, nd\u00ebrsa edhe nga opozita shqiptare kan\u00eb kusht\u00ebzuar q\u00eb nuk do t\u2019i votojn\u00eb ndryshimet n\u00ebse nuk ndryshohet definimi i 20% p\u00ebr gjuh\u00ebn shqipe n\u00eb Kushtetut\u00eb.<\/p>\n<p>Ndryshimet kushtetuese n\u00ebnkuptojn\u00eb shtimin e bullgar\u00ebve dhe kombeve tjera n\u00eb Kushtetut\u00eb.<\/p>\n<p>Kjo vjen si rezultat i asaj q\u00eb Maqedonia e Veriut pas 17 vitesh me 19 korrik t\u00eb vitit 2022 filloi bisedimet qas\u00ebse me BE-n\u00eb me mbajtjen e konferenc\u00ebs s\u00eb par\u00eb nd\u00ebrqeveritare.<\/p>\n<div class=\"ai-viewport-1\" data-insertion-position=\"prepend\" data-selector=\".ai-insert-1-47071563\" data-insertion-no-dbg=\"\" data-code=\"PGRpdiBjbGFzcz0nY29kZS1ibG9jayBjb2RlLWJsb2NrLTEgY29kZS1ibG9jay1pbmFydGljbGUtZGVza3RvcCcgc3R5bGU9J21hcmdpbjogOHB4IGF1dG87IHRleHQtYWxpZ246IGNlbnRlcjsgZGlzcGxheTogYmxvY2s7IGNsZWFyOiBib3RoOyB3aWR0aDogMzAwcHg7IGhlaWdodDogNDIwcHg7IGJhY2tncm91bmQtY29sb3I6ICNmZmZmZmY7Jz4KPGRpdiBzdHlsZT0icG9zaXRpb246IHN0aWNreTsgdG9wOiAxNXB4OyI+CjxkaXYgY2xhc3M9ImNvZGUtYmxvY2stbGFiZWwiPlJla2xhbWE8L2Rpdj4KCjxkaXYgaWQ9IlBBLVRhYm9vbGEiPjwvZGl2Pgo8L2Rpdj4KPGRpdiBzdHlsZT0iIGhlaWdodDogMzkwcHg7Ij48L2Rpdj4KPC9kaXY+Cg==\" data-block=\"1\">\n<div class=\"code-block code-block-1 code-block-inarticle-desktop\">\n<div>Megjithat\u00eb, negociatat nuk do t\u00eb fillojn\u00eb derisa t\u00eb b\u00ebhen ndryshimet kushtetuese. N\u00ebse nuk b\u00ebhen ndryshimet kushtetuese deri n\u00eb n\u00ebntor t\u00eb k\u00ebtij viti, procesi eurointegrues i RMV-s\u00eb rrezikon t\u00eb bllokohet p\u00ebrs\u00ebri.<\/div>\n<\/div>\n<\/div>\n<div class=\"code-block code-block-46 code-block-instream-fundposti\"><\/div>\n","protected":false},"excerpt":{"rendered":"<p>Z\u00ebvend\u00ebskryeministri p\u00ebr \u00e7\u00ebshtje evropiane, Bojan Mari\u00e7iq, ka vler\u00ebsuar q\u00eb deri n\u00eb muajin tetor do t\u00eb kuptohet cil\u00ebt deputet jan\u00eb p\u00ebr eurointegrime t\u00eb shpejta e kush<\/p>\n","protected":false},"author":14,"featured_media":0,"comment_status":"open","ping_status":"open","sticky":false,"template":"","format":"standard","meta":{"footnotes":""},"categories":[44],"tags":[],"class_list":["post-16085","post","type-post","status-publish","format-standard","hentry","category-maqedoni"],"_links":{"self":[{"href":"https:\/\/indeks.bilten.mk\/index.php?rest_route=\/wp\/v2\/posts\/16085","targetHints":{"allow":["GET"]}}],"collection":[{"href":"https:\/\/indeks.bilten.mk\/index.php?rest_route=\/wp\/v2\/posts"}],"about":[{"href":"https:\/\/indeks.bilten.mk\/index.php?rest_route=\/wp\/v2\/types\/post"}],"author":[{"embeddable":true,"href":"https:\/\/indeks.bilten.mk\/index.php?rest_route=\/wp\/v2\/users\/14"}],"replies":[{"embeddable":true,"href":"https:\/\/indeks.bilten.mk\/index.php?rest_route=%2Fwp%2Fv2%2Fcomments&post=16085"}],"version-history":[{"count":0,"href":"https:\/\/indeks.bilten.mk\/index.php?rest_route=\/wp\/v2\/posts\/16085\/revisions"}],"wp:attachment":[{"href":"https:\/\/indeks.bilten.mk\/index.php?rest_route=%2Fwp%2Fv2%2Fmedia&parent=16085"}],"wp:term":[{"taxonomy":"category","embeddable":true,"href":"https:\/\/indeks.bilten.mk\/index.php?rest_route=%2Fwp%2Fv2%2Fcategories&post=16085"},{"taxonomy":"post_tag","embeddable":true,"href":"https:\/\/indeks.bilten.mk\/index.php?rest_route=%2Fwp%2Fv2%2Ftags&post=16085"}],"curies":[{"name":"wp","href":"https:\/\/api.w.org\/{rel}","templated":true}]}}