{"id":16098,"date":"2023-09-11T10:42:14","date_gmt":"2023-09-11T08:42:14","guid":{"rendered":"https:\/\/indeks.mk\/?p=16098"},"modified":"2023-09-11T10:42:14","modified_gmt":"2023-09-11T08:42:14","slug":"ne-fund-te-muajit-pritet-te-nenshkruhet-kontrata-per-rrugen-tetove-prizren","status":"publish","type":"post","link":"https:\/\/indeks.bilten.mk\/?p=16098","title":{"rendered":"N\u00eb fund t\u00eb muajit pritet t\u00eb n\u00ebnshkruhet kontrata p\u00ebr rrug\u00ebn Tetov\u00eb \u2013 Prizren"},"content":{"rendered":"<p>Kontrata mes Maqedonis\u00eb s\u00eb Veriut dhe Republik\u00ebs s\u00eb Kosov\u00ebs p\u00ebr rrug\u00ebn Tetov\u00eb-Prizren pritet t\u00eb n\u00ebnshkruhet n\u00eb fund t\u00eb muajit shtator.<\/p>\n<p>K\u00ebshtu thon\u00eb kompetent\u00ebt t\u00eb cil\u00ebt nuk japin afat konkret se kur do t\u00eb fillojn\u00eb punimet, por shpjegojn\u00eb procedurat n\u00eb t\u00eb cilat ky projekt duhet t\u00eb kaloj\u00eb para se t\u00eb nis\u00eb t\u00eb merr form\u00eb.<\/p>\n<div class=\"code-block code-block-43 code-block-pas-paragrafit-2t-inarticle\">\n<div>\n<div class=\"code-block-label\">Drejtori i Nd\u00ebrmarrjes Publike \u201cRrug\u00ebt e Maqedonis\u00eb\u201d, Ejup Rustemi \u00ebsht\u00eb shprehur se do t\u00eb ket\u00eb edhe nj\u00eb marr\u00ebveshje p\u00ebr nd\u00ebrtimin e tunelit t\u00eb p\u00ebrbashk\u00ebt.<\/div>\n<\/div>\n<\/div>\n<p>\u201cBesoj se do t\u00eb kemi edhe marr\u00ebveshjen e cila planifikon projektimin e tunelit t\u00eb p\u00ebrbashk\u00ebt. Pra pas asaj ne vazhdojm\u00eb me projektimin e rrug\u00ebs q\u00eb t\u00eb \u00e7on deri n\u00eb hyrje t\u00eb tunelit. S\u00eb pari pra kemi projektin, e kemi revidimin e projektit dhe pas asaj e kemi realizimin e punimeve. Un\u00eb nuk d\u00ebshiroj q\u00eb tani t\u00eb flas p\u00ebr realizim t\u00eb till\u00eb t\u00eb asaj rruge por flas p\u00ebr procedurat q\u00eb do t\u00eb na bien deri aty\u201d, tha Ejup Rustemi.<\/p>\n<div class=\"ai-viewport-1\" data-insertion-position=\"prepend\" data-selector=\".ai-insert-1-52084095\" data-insertion-no-dbg=\"\" data-code=\"PGRpdiBjbGFzcz0nY29kZS1ibG9jayBjb2RlLWJsb2NrLTEgY29kZS1ibG9jay1pbmFydGljbGUtZGVza3RvcCcgc3R5bGU9J21hcmdpbjogOHB4IGF1dG87IHRleHQtYWxpZ246IGNlbnRlcjsgZGlzcGxheTogYmxvY2s7IGNsZWFyOiBib3RoOyB3aWR0aDogMzAwcHg7IGhlaWdodDogNDIwcHg7IGJhY2tncm91bmQtY29sb3I6ICNmZmZmZmY7Jz4KPGRpdiBzdHlsZT0icG9zaXRpb246IHN0aWNreTsgdG9wOiAxNXB4OyI+CjxkaXYgY2xhc3M9ImNvZGUtYmxvY2stbGFiZWwiPlJla2xhbWE8L2Rpdj4KPGRpdiBkYXRhLWFkLXVuaXQtaWQ9Ii8yMjY0NjY1NzExOC9Jbi1hcnRpY2xlX2JveF8yIj48L2Rpdj4KPC9kaXY+CjxkaXYgc3R5bGU9IiBoZWlnaHQ6IDM5MHB4OyI+PC9kaXY+CjwvZGl2Pgo=\" data-block=\"1\">\n<div class=\"code-block code-block-1 code-block-inarticle-desktop\">\n<div>\n<div class=\"code-block-label\">Z\u00ebvend\u00ebsministri i Transportit, Bekim Rexhepi tha se jan\u00eb harmonizuar t\u00eb gjitha detajet me Ministrin\u00eb e Infrastruktur\u00ebs s\u00eb Kosov\u00ebs dhe se tani \u00ebsht\u00eb \u00e7\u00ebshtje kohe se kur do t\u00eb n\u00ebnshkruhet.<\/div>\n<\/div>\n<\/div>\n<\/div>\n<p>\u201cPasi q\u00eb bisedat n\u00eb aspekt profesional kan\u00eb p\u00ebrfunduar, dhe kjo rrug\u00eb me r\u00ebnd\u00ebsi t\u00eb madhe p\u00ebr banor\u00ebt e k\u00ebsaj zone besoj se kontrata atje \u00ebsht\u00eb d\u00ebrguar n\u00eb Ministrin\u00eb e Infrastruktur\u00ebs, besoj se n\u00eb muajt n\u00eb vazhdim do t\u00eb kemi nj\u00eb kontrat\u00eb t\u00eb n\u00ebnshkruar mes dy pal\u00ebve sepse b\u00ebhet fjal\u00eb p\u00ebr nj\u00eb kontrat\u00eb t\u00eb cil\u00ebn detajet ve\u00e7se m\u00eb jan\u00eb t\u00eb harmonizuara dhe besoj q\u00eb s\u00eb shpejti do t\u00eb n\u00ebnshkruhet\u201d, tha Bekim Rexhepi, z\u00ebvend\u00ebsminist\u00ebr i Transportit.<\/p>\n<p>Rruga Tetov\u00eb-Prizren pritet t\u00eb realizohet p\u00ebrmes tunelit 6.4 kilomet\u00ebr dhe me nga 15 kilomet\u00ebr rrug\u00eb t\u00eb shtruar n\u00eb t\u00eb dy shtetet q\u00eb ta lidhin k\u00ebt\u00eb tunel me rrug\u00ebt ekzistuese.<\/p>\n<div class=\"ai-viewport-1\" data-insertion-position=\"prepend\" data-selector=\".ai-insert-1-45386542\" data-insertion-no-dbg=\"\" data-code=\"PGRpdiBjbGFzcz0nY29kZS1ibG9jayBjb2RlLWJsb2NrLTEgY29kZS1ibG9jay1pbmFydGljbGUtZGVza3RvcCcgc3R5bGU9J21hcmdpbjogOHB4IGF1dG87IHRleHQtYWxpZ246IGNlbnRlcjsgZGlzcGxheTogYmxvY2s7IGNsZWFyOiBib3RoOyB3aWR0aDogMzAwcHg7IGhlaWdodDogNDIwcHg7IGJhY2tncm91bmQtY29sb3I6ICNmZmZmZmY7Jz4KPGRpdiBzdHlsZT0icG9zaXRpb246IHN0aWNreTsgdG9wOiAxNXB4OyI+CjxkaXYgY2xhc3M9ImNvZGUtYmxvY2stbGFiZWwiPlJla2xhbWE8L2Rpdj4KCjxkaXYgaWQ9IlBBLVRhYm9vbGEiPjwvZGl2Pgo8L2Rpdj4KPGRpdiBzdHlsZT0iIGhlaWdodDogMzkwcHg7Ij48L2Rpdj4KPC9kaXY+Cg==\" data-block=\"1\">\n<div class=\"code-block code-block-1 code-block-inarticle-desktop\">\n<div>\n<div id=\"taboola-sponsored-mid-article\" class=\" trc_related_container trc_spotlight_widget trc_elastic trc_elastic_sc-mid-article-telegrafi \" data-placement-name=\"Sponsored Mid Article\">\n<div class=\"trc_rbox_container\">\n<div>\n<div id=\"trc_wrapper_72374\" class=\"trc_rbox sc-mid-article-telegrafi trc-content-sponsored \">\n<div class=\"trc_clearer\">Hapja e k\u00ebsaj rruge do t\u00eb thot\u00eb turiz\u00ebm m\u00eb t\u00eb madh dhe klim\u00eb m\u00eb t\u00eb mir\u00eb biznesore p\u00ebr t\u00eb dy qytetet, at\u00eb t\u00eb Tetov\u00ebs dhe Prizrenit pasi q\u00eb rruga dhe koha do t\u00eb p\u00ebrgjysmohej me hapjen e k\u00ebsaj traseje.<\/div>\n<\/div>\n<\/div>\n<\/div>\n<\/div>\n<\/div>\n<\/div>\n<\/div>\n<p>Nd\u00ebrtimi i k\u00ebsaj rruge ka hapur nj\u00eb debat t\u00eb madh n\u00eb Maqedonin\u00eb e Veriut dhe n\u00eb Kosov\u00eb, ku ka edhe p\u00ebrkrah\u00ebs por edhe kund\u00ebrshtar\u00eb. Kujtojm\u00eb se jav\u00eb m\u00eb par\u00eb edhe Ministri Transportit Liburn Aliu, kishte ardhur posa\u00e7\u00ebrisht n\u00eb Tetov\u00eb p\u00ebr t\u00eb takuar kreun e BDI-s\u00eb Ali Ahmeti lidhur me nd\u00ebrtimin e k\u00ebsaj rruge.<\/p>\n","protected":false},"excerpt":{"rendered":"<p>Kontrata mes Maqedonis\u00eb s\u00eb Veriut dhe Republik\u00ebs s\u00eb Kosov\u00ebs p\u00ebr rrug\u00ebn Tetov\u00eb-Prizren pritet t\u00eb n\u00ebnshkruhet n\u00eb fund t\u00eb muajit shtator. K\u00ebshtu thon\u00eb kompetent\u00ebt t\u00eb cil\u00ebt<\/p>\n","protected":false},"author":14,"featured_media":16099,"comment_status":"open","ping_status":"open","sticky":false,"template":"","format":"standard","meta":{"footnotes":""},"categories":[44],"tags":[],"class_list":["post-16098","post","type-post","status-publish","format-standard","has-post-thumbnail","hentry","category-maqedoni"],"_links":{"self":[{"href":"https:\/\/indeks.bilten.mk\/index.php?rest_route=\/wp\/v2\/posts\/16098","targetHints":{"allow":["GET"]}}],"collection":[{"href":"https:\/\/indeks.bilten.mk\/index.php?rest_route=\/wp\/v2\/posts"}],"about":[{"href":"https:\/\/indeks.bilten.mk\/index.php?rest_route=\/wp\/v2\/types\/post"}],"author":[{"embeddable":true,"href":"https:\/\/indeks.bilten.mk\/index.php?rest_route=\/wp\/v2\/users\/14"}],"replies":[{"embeddable":true,"href":"https:\/\/indeks.bilten.mk\/index.php?rest_route=%2Fwp%2Fv2%2Fcomments&post=16098"}],"version-history":[{"count":0,"href":"https:\/\/indeks.bilten.mk\/index.php?rest_route=\/wp\/v2\/posts\/16098\/revisions"}],"wp:featuredmedia":[{"embeddable":true,"href":"https:\/\/indeks.bilten.mk\/index.php?rest_route=\/wp\/v2\/media\/16099"}],"wp:attachment":[{"href":"https:\/\/indeks.bilten.mk\/index.php?rest_route=%2Fwp%2Fv2%2Fmedia&parent=16098"}],"wp:term":[{"taxonomy":"category","embeddable":true,"href":"https:\/\/indeks.bilten.mk\/index.php?rest_route=%2Fwp%2Fv2%2Fcategories&post=16098"},{"taxonomy":"post_tag","embeddable":true,"href":"https:\/\/indeks.bilten.mk\/index.php?rest_route=%2Fwp%2Fv2%2Ftags&post=16098"}],"curies":[{"name":"wp","href":"https:\/\/api.w.org\/{rel}","templated":true}]}}