{"id":16102,"date":"2023-09-11T11:20:27","date_gmt":"2023-09-11T09:20:27","guid":{"rendered":"https:\/\/indeks.mk\/?p=16102"},"modified":"2023-09-11T11:20:27","modified_gmt":"2023-09-11T09:20:27","slug":"ne-peje-nxenesja-me-mbulese-u-perjashtua-nga-shkolla-drejtori-i-shkolles-sqaron-rastin","status":"publish","type":"post","link":"https:\/\/indeks.bilten.mk\/?p=16102","title":{"rendered":"N\u00eb Pej\u00eb nx\u00ebn\u00ebsja me mbules\u00eb u p\u00ebrjashtua nga shkolla, drejtori i shkoll\u00ebs sqaron rastin&#8230;"},"content":{"rendered":"<p><strong>P\u00ebrjashtimi i nx\u00ebn\u00ebses s\u00eb klas\u00ebs s\u00eb tet\u00eb, E.L nga shkolla \u201cAsdreni\u201d n\u00eb Pej\u00eb p\u00ebr shkak t\u00eb vendosjes s\u00eb mbules\u00ebs, ka nxitur reagime.<\/strong><\/p>\n<p>Lidhur me k\u00ebt\u00eb rast, Telegrafi ka kontaktuar me drejtorin e Drejtoris\u00eb s\u00eb Arsimit n\u00eb Pej\u00eb, Naser Gega.<\/p>\n<p>Sipas drejtorit Gega, me Ligjin e arsimit fillor dhe t\u00eb mes\u00ebm, nuk lejohet vijimi i m\u00ebsimit me mbules\u00eb, nd\u00ebrsa ka shtuar se do t\u00eb shohin sesi do t\u00eb trajtohet ky rast.<\/p>\n<p>\u201cJam i informuar p\u00ebr rastin por nuk e di a ka vendim apo jo p\u00ebr largimin e nx\u00ebn\u00ebses nga shkolla. Sidoqoft\u00eb un\u00eb nuk kam t\u00eb drejt\u00eb ligjore me k\u00ebrku nga shkollat q\u00eb me i leju nx\u00ebn\u00ebsit me mbulesa. Udh\u00ebzimi administrativ 6\/2014 i MASHTI neni 3 pika 1.13 thot\u00eb se nx\u00ebn\u00ebsit i ndalohet bartja e uniform\u00ebs fetare, \u00ebsht\u00eb e prer\u00eb\u201d, ka th\u00ebn\u00eb Gega.<\/p>\n<p>Ai ka shtuar se kjo nuk ka t\u00eb b\u00ebj\u00eb me vullnetin e tij por me interpretimin e ligjit n\u00eb k\u00ebt\u00eb rast<\/p>\n<p>\u201cJemi n\u00eb kontakt edhe me familjen dhe pres biseda me ta ju kam th\u00ebn\u00eb q\u00eb do t\u00eb trajtojm\u00eb rastin. Nuk \u00ebsht\u00eb situat\u00eb e d\u00ebshirueshme nuk jam ithtar i asaj q\u00eb asnj\u00eb nx\u00ebn\u00ebs t\u00eb largohet nga shkolla, sepse shkollat jan\u00eb p\u00ebr nx\u00ebn\u00ebs. Nuk kam t\u00eb drejt\u00eb ligjore t\u00eb marr dhe ti them drejtoresh\u00ebs ta lejoj\u00eb apo jo n\u00eb shkoll\u00eb\u201d, u shpreh Gega p\u00ebr Telegrafin.<\/p>\n<p>Ai shtoi se disa shkolla raste t\u00eb tilla i kan\u00eb tejkaluar me marr\u00ebveshje n\u00ebse s\u2019ka pasur reagim nga klasa.<\/p>\n","protected":false},"excerpt":{"rendered":"<p>P\u00ebrjashtimi i nx\u00ebn\u00ebses s\u00eb klas\u00ebs s\u00eb tet\u00eb, E.L nga shkolla \u201cAsdreni\u201d n\u00eb Pej\u00eb p\u00ebr shkak t\u00eb vendosjes s\u00eb mbules\u00ebs, ka nxitur reagime. Lidhur me k\u00ebt\u00eb<\/p>\n","protected":false},"author":14,"featured_media":16107,"comment_status":"open","ping_status":"open","sticky":false,"template":"","format":"standard","meta":{"footnotes":""},"categories":[45],"tags":[],"class_list":["post-16102","post","type-post","status-publish","format-standard","has-post-thumbnail","hentry","category-rajoni"],"_links":{"self":[{"href":"https:\/\/indeks.bilten.mk\/index.php?rest_route=\/wp\/v2\/posts\/16102","targetHints":{"allow":["GET"]}}],"collection":[{"href":"https:\/\/indeks.bilten.mk\/index.php?rest_route=\/wp\/v2\/posts"}],"about":[{"href":"https:\/\/indeks.bilten.mk\/index.php?rest_route=\/wp\/v2\/types\/post"}],"author":[{"embeddable":true,"href":"https:\/\/indeks.bilten.mk\/index.php?rest_route=\/wp\/v2\/users\/14"}],"replies":[{"embeddable":true,"href":"https:\/\/indeks.bilten.mk\/index.php?rest_route=%2Fwp%2Fv2%2Fcomments&post=16102"}],"version-history":[{"count":0,"href":"https:\/\/indeks.bilten.mk\/index.php?rest_route=\/wp\/v2\/posts\/16102\/revisions"}],"wp:featuredmedia":[{"embeddable":true,"href":"https:\/\/indeks.bilten.mk\/index.php?rest_route=\/wp\/v2\/media\/16107"}],"wp:attachment":[{"href":"https:\/\/indeks.bilten.mk\/index.php?rest_route=%2Fwp%2Fv2%2Fmedia&parent=16102"}],"wp:term":[{"taxonomy":"category","embeddable":true,"href":"https:\/\/indeks.bilten.mk\/index.php?rest_route=%2Fwp%2Fv2%2Fcategories&post=16102"},{"taxonomy":"post_tag","embeddable":true,"href":"https:\/\/indeks.bilten.mk\/index.php?rest_route=%2Fwp%2Fv2%2Ftags&post=16102"}],"curies":[{"name":"wp","href":"https:\/\/api.w.org\/{rel}","templated":true}]}}