{"id":16103,"date":"2023-09-11T11:07:52","date_gmt":"2023-09-11T09:07:52","guid":{"rendered":"https:\/\/indeks.mk\/?p=16103"},"modified":"2023-09-11T11:07:52","modified_gmt":"2023-09-11T09:07:52","slug":"gara-e-peshkimit-boteror-ne-kanada-enver-dhe-fadil-hashimi-po-sfidojne-veten-ne-mesin-e-shume-garuesve","status":"publish","type":"post","link":"https:\/\/indeks.bilten.mk\/?p=16103","title":{"rendered":"Gara e peshkimit bot\u00ebror n\u00eb Kanada, Enver dhe Fadil Hashimi po sfidojn\u00eb veten n\u00eb mesin e shum\u00eb garuesve"},"content":{"rendered":"<p>Shqiptar\u00ebt nuk jan\u00eb t\u00eb suksessh\u00ebm vet\u00ebm n\u00eb futboll dhe muzik\u00eb por edhe n\u00eb fusha tjera. Sot p\u00ebr t\u00eb disat\u00ebn her\u00eb ju prezantojm\u00eb djemt nga Kosova q\u00eb po na b\u00ebjn\u00eb krenar edhe n\u00eb sportin e peshkimit bot\u00ebror.<\/p>\n<figure class=\"wp-block-image size-full\"><img loading=\"lazy\" decoding=\"async\" class=\"wp-image-746342\" src=\"https:\/\/www.zhurnal.mk\/wp-content\/uploads\/2023\/09\/WhatsApp-Image-2023-09-11-at-10.46.09-AM.jpeg\" sizes=\"auto, (max-width: 768px) 100vw, 768px\" srcset=\"https:\/\/www.zhurnal.mk\/wp-content\/uploads\/2023\/09\/WhatsApp-Image-2023-09-11-at-10.46.09-AM.jpeg 768w, https:\/\/www.zhurnal.mk\/wp-content\/uploads\/2023\/09\/WhatsApp-Image-2023-09-11-at-10.46.09-AM-225x300.jpeg 225w, https:\/\/www.zhurnal.mk\/wp-content\/uploads\/2023\/09\/WhatsApp-Image-2023-09-11-at-10.46.09-AM-300x400.jpeg 300w, https:\/\/www.zhurnal.mk\/wp-content\/uploads\/2023\/09\/WhatsApp-Image-2023-09-11-at-10.46.09-AM-585x780.jpeg 585w\" alt=\"\" width=\"768\" height=\"1024\" \/><\/figure>\n<p>B\u00ebhet fjal\u00eb p\u00ebr dy biznesmen mjaft t\u00eb njohur Enver dhe Fadil Hashimi si pjes\u00eb e grupit t\u00eb Kosov\u00ebs si dhe Kushtrim Veseli nj\u00ebkoh\u00ebsisht dh\u00ebnd\u00ebr i tyre por edhe Ervin Kuto\u015b me origjin\u00eb slovene por pjes\u00eb e grupit t\u00eb Kosov\u00ebs, t\u00eb cil\u00ebt n\u00eb Kanada kan\u00eb nisur gar\u00ebn p\u00ebr peshkim q\u00eb zgjat\u00eb 7 dit\u00eb.<\/p>\n<figure class=\"wp-block-image size-full\"><img loading=\"lazy\" decoding=\"async\" class=\"wp-image-746343\" src=\"https:\/\/www.zhurnal.mk\/wp-content\/uploads\/2023\/09\/WhatsApp-Image-2023-09-11-at-10.45.59-AM.jpeg\" sizes=\"auto, (max-width: 768px) 100vw, 768px\" srcset=\"https:\/\/www.zhurnal.mk\/wp-content\/uploads\/2023\/09\/WhatsApp-Image-2023-09-11-at-10.45.59-AM.jpeg 768w, https:\/\/www.zhurnal.mk\/wp-content\/uploads\/2023\/09\/WhatsApp-Image-2023-09-11-at-10.45.59-AM-225x300.jpeg 225w, https:\/\/www.zhurnal.mk\/wp-content\/uploads\/2023\/09\/WhatsApp-Image-2023-09-11-at-10.45.59-AM-300x400.jpeg 300w, https:\/\/www.zhurnal.mk\/wp-content\/uploads\/2023\/09\/WhatsApp-Image-2023-09-11-at-10.45.59-AM-585x780.jpeg 585w\" alt=\"\" width=\"768\" height=\"1024\" \/><\/figure>\n<p>Gara ka filluar dje dhe mbahet n\u00eb Kanada. Vet\u00ebm dje djemt tan\u00eb kan\u00eb peshkuar nj\u00eb peshk t\u00eb madh, nd\u00ebrsa brenda 7 dite do t\u00eb dihet cili grup do jet\u00eb fitues. Nd\u00ebrsa ne ju urojm\u00eb shum\u00eb fat djemve tan\u00eb t\u00eb cil\u00ebt jan\u00eb dhe ambasador t\u00eb promovimit t\u00eb vlerave t\u00eb shqiptar\u00ebve n\u00eb bot\u00eb.<\/p>\n<figure class=\"wp-block-image size-full\"><img loading=\"lazy\" decoding=\"async\" class=\"wp-image-746341\" src=\"https:\/\/www.zhurnal.mk\/wp-content\/uploads\/2023\/09\/WhatsApp-Image-2023-09-11-at-10.46.50-AM.jpeg\" sizes=\"auto, (max-width: 473px) 100vw, 473px\" srcset=\"https:\/\/www.zhurnal.mk\/wp-content\/uploads\/2023\/09\/WhatsApp-Image-2023-09-11-at-10.46.50-AM.jpeg 473w, https:\/\/www.zhurnal.mk\/wp-content\/uploads\/2023\/09\/WhatsApp-Image-2023-09-11-at-10.46.50-AM-139x300.jpeg 139w, https:\/\/www.zhurnal.mk\/wp-content\/uploads\/2023\/09\/WhatsApp-Image-2023-09-11-at-10.46.50-AM-185x400.jpeg 185w\" alt=\"\" width=\"473\" height=\"1024\" \/><\/figure>\n","protected":false},"excerpt":{"rendered":"<p>Shqiptar\u00ebt nuk jan\u00eb t\u00eb suksessh\u00ebm vet\u00ebm n\u00eb futboll dhe muzik\u00eb por edhe n\u00eb fusha tjera. Sot p\u00ebr t\u00eb disat\u00ebn her\u00eb ju prezantojm\u00eb djemt nga Kosova<\/p>\n","protected":false},"author":14,"featured_media":16104,"comment_status":"open","ping_status":"open","sticky":false,"template":"","format":"standard","meta":{"footnotes":""},"categories":[48],"tags":[],"class_list":["post-16103","post","type-post","status-publish","format-standard","has-post-thumbnail","hentry","category-sport"],"_links":{"self":[{"href":"https:\/\/indeks.bilten.mk\/index.php?rest_route=\/wp\/v2\/posts\/16103","targetHints":{"allow":["GET"]}}],"collection":[{"href":"https:\/\/indeks.bilten.mk\/index.php?rest_route=\/wp\/v2\/posts"}],"about":[{"href":"https:\/\/indeks.bilten.mk\/index.php?rest_route=\/wp\/v2\/types\/post"}],"author":[{"embeddable":true,"href":"https:\/\/indeks.bilten.mk\/index.php?rest_route=\/wp\/v2\/users\/14"}],"replies":[{"embeddable":true,"href":"https:\/\/indeks.bilten.mk\/index.php?rest_route=%2Fwp%2Fv2%2Fcomments&post=16103"}],"version-history":[{"count":0,"href":"https:\/\/indeks.bilten.mk\/index.php?rest_route=\/wp\/v2\/posts\/16103\/revisions"}],"wp:featuredmedia":[{"embeddable":true,"href":"https:\/\/indeks.bilten.mk\/index.php?rest_route=\/wp\/v2\/media\/16104"}],"wp:attachment":[{"href":"https:\/\/indeks.bilten.mk\/index.php?rest_route=%2Fwp%2Fv2%2Fmedia&parent=16103"}],"wp:term":[{"taxonomy":"category","embeddable":true,"href":"https:\/\/indeks.bilten.mk\/index.php?rest_route=%2Fwp%2Fv2%2Fcategories&post=16103"},{"taxonomy":"post_tag","embeddable":true,"href":"https:\/\/indeks.bilten.mk\/index.php?rest_route=%2Fwp%2Fv2%2Ftags&post=16103"}],"curies":[{"name":"wp","href":"https:\/\/api.w.org\/{rel}","templated":true}]}}