{"id":16109,"date":"2023-09-11T11:24:36","date_gmt":"2023-09-11T09:24:36","guid":{"rendered":"https:\/\/indeks.mk\/?p=16109"},"modified":"2023-09-11T11:24:36","modified_gmt":"2023-09-11T09:24:36","slug":"pse-punetoret-ne-zvicer-nuk-kane-page-minimale","status":"publish","type":"post","link":"https:\/\/indeks.bilten.mk\/?p=16109","title":{"rendered":"Pse pun\u00ebtor\u00ebt n\u00eb Zvic\u00ebr nuk kan\u00eb pag\u00eb minimale?"},"content":{"rendered":"<p><strong>M\u00eb 18 qershor, 69 p\u00ebr qind e votuesve t\u00eb Cyrihut pranuan nj\u00eb propozim t\u00eb paraqitur nga sindikatat dhe partit\u00eb e majta p\u00ebr t\u00eb futur nj\u00eb pag\u00eb minimale p\u00ebr or\u00eb prej 23.9 franga n\u00eb or\u00eb \u2013 e cila arrin n\u00eb 4 mij\u00eb franga n\u00eb muaj.<\/strong><\/p>\n<p>Sipas Oliver Heimgartnerit nga Partia Social Demokratike, paga minimale do t\u00eb leht\u00ebsoj\u00eb shum\u00eb nga ata q\u00eb preken nga pagat e ul\u00ebta n\u00eb k\u00ebt\u00eb qytet.<\/p>\n<p>\u201cPaga minimale do t\u00eb leht\u00ebsoj\u00eb shum\u00eb nga ata q\u00eb preken nga pagat e ul\u00ebta n\u00eb qytetin e Cyrihut \u2013 punonj\u00ebsit n\u00eb zinxhir\u00ebt e ushqimit t\u00eb shpejt\u00eb, kompanit\u00eb e pastrimit dhe ata q\u00eb punojn\u00eb n\u00eb shitje me pakic\u00eb\u201d, thot\u00eb Heimgartner.<\/p>\n<p>Paga e re duhej t\u00eb hynte n\u00eb fuqi nga viti 2024, por tani do t\u00eb duhet m\u00eb shum\u00eb koh\u00eb q\u00eb kjo mas\u00eb t\u00eb zbatohet.<\/p>\n<p>Pse po ngec vendosja e pag\u00ebs minimale? Kjo pasi shoqatat e pun\u00ebdh\u00ebn\u00ebsve kan\u00eb b\u00ebr\u00eb ankes\u00eb n\u00eb Gjykat\u00ebn e Rrethit kund\u00ebr k\u00ebsaj mase.<\/p>\n<p>\u201cArsyeja e Apelit \u00ebsht\u00eb t\u00eb dihet n\u00ebse komunat lejohen ligj\u00ebrisht t\u00eb miratojn\u00eb pagat minimale\u201d, tha Nicole Barandun, presidente e Shoqat\u00ebs Tregtare t\u00eb Cyrihut.<\/p>\n<p>\u201cN\u00ebse \u00e7do komunitet ka pag\u00ebn e tij minimale, kjo do t\u00eb \u00e7oj\u00eb n\u00eb situata absurde. N\u00eb nj\u00ebr\u00ebn an\u00eb \u00ebsht\u00eb procesi demokratik, por nga ana tjet\u00ebr \u00ebsht\u00eb sistemi ligjor. Nuk mund t\u00eb votohet thjesht p\u00ebr gjith\u00e7ka, dhe at\u00ebher\u00eb kur shumica thot\u00eb po, ligji shp\u00ebrfillet haptazi\u201d, thekson ajo.<\/p>\n<p>Barandun po i referohej faktit se nuk ka legjislacion komb\u00ebtar p\u00ebr pag\u00ebn minimale n\u00eb Zvic\u00ebr dhe p\u00ebr rrjedhoj\u00eb nuk ka baz\u00eb ligjore p\u00ebr t\u00eb \u2013 edhe pse disa kantone kan\u00eb nj\u00eb ligj t\u00eb till\u00eb n\u00eb librat e tyre.<\/p>\n<p><strong>Pse Zvicra nuk ka nj\u00eb pag\u00eb minimale?<\/strong><\/p>\n<p>N\u00eb vitin 2014, vendi mbajti nj\u00eb referendum komb\u00ebtar n\u00ebse do t\u00eb vendoste pag\u00ebn minimale n\u00eb 22 franga n\u00eb or\u00eb, por masa u refuzua nga 76 p\u00ebr qind e votuesve.<\/p>\n<p>Ata d\u00ebgjuan paralajm\u00ebrimet e qeveris\u00eb se zbatimi i nj\u00eb pagash t\u00eb caktuar do t\u00eb ishte i d\u00ebmsh\u00ebm p\u00ebr ekonomin\u00eb e begat\u00eb t\u00eb Zvicr\u00ebs, pasi do t\u00eb rriste kostot e prodhimit dhe do t\u00eb rrezikonte vendet e pun\u00ebs duke i l\u00ebn\u00eb jasht\u00eb biznesit kompanit\u00eb m\u00eb t\u00eb vogla \u2013 t\u00eb cilat nuk mund t\u00eb p\u00ebrballojn\u00eb rritjen e pagave t\u00eb pun\u00ebtor\u00ebve t\u00eb tyre.<\/p>\n<p>N\u00eb realitet, shumica e pun\u00ebdh\u00ebn\u00ebsve n\u00eb Zvic\u00ebr paguajn\u00eb paga q\u00eb tejkalojn\u00eb shum\u00ebn minimale t\u00eb k\u00ebrkuar, shkruan Albinfo.<\/p>\n<p><strong>\u00c7far\u00eb do t\u00eb ndodh\u00eb tani n\u00eb Cyrih?<\/strong><\/p>\n<p>Futja e pag\u00ebs minimale do t\u00eb vonohet nd\u00ebrkoh\u00eb q\u00eb Gjykata e Rrethit po shqyrton ankes\u00ebn.<\/p>\n<p>Nd\u00ebrkoh\u00eb, Cyrihu nuk do t\u00eb mund ta zbatoj\u00eb k\u00ebt\u00eb mas\u00eb dhe mbetet p\u00ebr t\u2019u par\u00eb n\u00ebse do t\u00eb jet\u00eb e mundur t\u00eb zbatohet n\u00eb vitin 2024, si\u00e7 ishte planifikuar, n\u00ebse do t\u00eb realizohet.<\/p>\n<p>Ku jan\u00eb vendosur pagat minimale n\u00eb Zvic\u00ebr? Si rezultat i votimit, pes\u00eb nga 26 kantonet e vendit kan\u00eb vendosur paga minimale q\u00eb variojn\u00eb nga rreth 20 deri n\u00eb 24 franga n\u00eb or\u00eb: Neuch\u00e2tel, Jura, Ticino, Gjenev\u00eb dhe Basel City.<\/p>\n<p>Megjithat\u00eb, gj\u00ebrat jan\u00eb m\u00eb komplekse n\u00eb nivel komunal. Nd\u00ebrsa, kantonet lejojn\u00eb komunitetet individuale t\u00eb vendosin paga minimale n\u00eb territoret e tyre, asnj\u00eb nuk e ka b\u00ebr\u00eb k\u00ebt\u00eb deri m\u00eb sot. Cyrihu do t\u00eb ishte i pari.<\/p>\n","protected":false},"excerpt":{"rendered":"<p>M\u00eb 18 qershor, 69 p\u00ebr qind e votuesve t\u00eb Cyrihut pranuan nj\u00eb propozim t\u00eb paraqitur nga sindikatat dhe partit\u00eb e majta p\u00ebr t\u00eb futur nj\u00eb<\/p>\n","protected":false},"author":14,"featured_media":16110,"comment_status":"open","ping_status":"open","sticky":false,"template":"","format":"standard","meta":{"footnotes":""},"categories":[54],"tags":[],"class_list":["post-16109","post","type-post","status-publish","format-standard","has-post-thumbnail","hentry","category-indeks"],"_links":{"self":[{"href":"https:\/\/indeks.bilten.mk\/index.php?rest_route=\/wp\/v2\/posts\/16109","targetHints":{"allow":["GET"]}}],"collection":[{"href":"https:\/\/indeks.bilten.mk\/index.php?rest_route=\/wp\/v2\/posts"}],"about":[{"href":"https:\/\/indeks.bilten.mk\/index.php?rest_route=\/wp\/v2\/types\/post"}],"author":[{"embeddable":true,"href":"https:\/\/indeks.bilten.mk\/index.php?rest_route=\/wp\/v2\/users\/14"}],"replies":[{"embeddable":true,"href":"https:\/\/indeks.bilten.mk\/index.php?rest_route=%2Fwp%2Fv2%2Fcomments&post=16109"}],"version-history":[{"count":0,"href":"https:\/\/indeks.bilten.mk\/index.php?rest_route=\/wp\/v2\/posts\/16109\/revisions"}],"wp:featuredmedia":[{"embeddable":true,"href":"https:\/\/indeks.bilten.mk\/index.php?rest_route=\/wp\/v2\/media\/16110"}],"wp:attachment":[{"href":"https:\/\/indeks.bilten.mk\/index.php?rest_route=%2Fwp%2Fv2%2Fmedia&parent=16109"}],"wp:term":[{"taxonomy":"category","embeddable":true,"href":"https:\/\/indeks.bilten.mk\/index.php?rest_route=%2Fwp%2Fv2%2Fcategories&post=16109"},{"taxonomy":"post_tag","embeddable":true,"href":"https:\/\/indeks.bilten.mk\/index.php?rest_route=%2Fwp%2Fv2%2Ftags&post=16109"}],"curies":[{"name":"wp","href":"https:\/\/api.w.org\/{rel}","templated":true}]}}