{"id":16112,"date":"2023-09-11T11:30:09","date_gmt":"2023-09-11T09:30:09","guid":{"rendered":"https:\/\/indeks.mk\/?p=16112"},"modified":"2023-09-11T11:30:09","modified_gmt":"2023-09-11T09:30:09","slug":"vivien-ndan-foto-e-zhveshur-ne-shtrat","status":"publish","type":"post","link":"https:\/\/indeks.bilten.mk\/?p=16112","title":{"rendered":"Vivien ndan foto e zhveshur n\u00eb shtrat"},"content":{"rendered":"<p><strong>Vivien s\u00eb fundmi \u00ebsht\u00eb n\u00eb qend\u00ebr t\u00eb medieve roz\u00eb p\u00ebr \u00e7do paraqitje t\u00eb saj.<\/strong><\/p>\n<p>&nbsp;<\/p>\n<p>N\u00eb postimin e fundit, ajo ndau nj\u00eb fotografi nga shtrati, ku shihet se \u00ebsht\u00eb e zhveshur.<img loading=\"lazy\" decoding=\"async\" class=\"alignnone size-full wp-image-498210\" src=\"https:\/\/i0.wp.com\/www.kosovarja-ks.com\/wp-content\/uploads\/2023\/09\/Screenshot-56-2.png?resize=311%2C570&amp;ssl=1\" sizes=\"auto, (max-width: 311px) 100vw, 311px\" srcset=\"https:\/\/i0.wp.com\/www.kosovarja-ks.com\/wp-content\/uploads\/2023\/09\/Screenshot-56-2.png?w=311&amp;ssl=1 311w, https:\/\/i0.wp.com\/www.kosovarja-ks.com\/wp-content\/uploads\/2023\/09\/Screenshot-56-2.png?resize=164%2C300&amp;ssl=1 164w\" alt=\"\" width=\"311\" height=\"570\" data-pin-no-hover=\"true\" \/><\/p>\n<p>Edhe pse \u00ebsht\u00eb mbuluar me jorgan, Vivien i la vend imagjinat\u00ebs.<\/p>\n<p>Sic duket Vivien, \u00ebsht\u00eb singel dhe k\u00ebto po i b\u00ebn p\u00ebr inat t\u00eb Getinjos ish- t\u00eb dashurit.<\/p>\n<p>Kujtojm\u00eb q\u00eb Getinjo mbr\u00ebm\u00eb publikoi projektin e ri, dhe nuk pati asnj\u00eb mb\u00ebshtetje nga Vivien, shkruan \u201cKosovarja\u201d.<\/p>\n","protected":false},"excerpt":{"rendered":"<p>Vivien s\u00eb fundmi \u00ebsht\u00eb n\u00eb qend\u00ebr t\u00eb medieve roz\u00eb p\u00ebr \u00e7do paraqitje t\u00eb saj. &nbsp; N\u00eb postimin e fundit, ajo ndau nj\u00eb fotografi nga shtrati,<\/p>\n","protected":false},"author":14,"featured_media":16113,"comment_status":"open","ping_status":"open","sticky":false,"template":"","format":"standard","meta":{"footnotes":""},"categories":[49],"tags":[],"class_list":["post-16112","post","type-post","status-publish","format-standard","has-post-thumbnail","hentry","category-showbiz"],"_links":{"self":[{"href":"https:\/\/indeks.bilten.mk\/index.php?rest_route=\/wp\/v2\/posts\/16112","targetHints":{"allow":["GET"]}}],"collection":[{"href":"https:\/\/indeks.bilten.mk\/index.php?rest_route=\/wp\/v2\/posts"}],"about":[{"href":"https:\/\/indeks.bilten.mk\/index.php?rest_route=\/wp\/v2\/types\/post"}],"author":[{"embeddable":true,"href":"https:\/\/indeks.bilten.mk\/index.php?rest_route=\/wp\/v2\/users\/14"}],"replies":[{"embeddable":true,"href":"https:\/\/indeks.bilten.mk\/index.php?rest_route=%2Fwp%2Fv2%2Fcomments&post=16112"}],"version-history":[{"count":0,"href":"https:\/\/indeks.bilten.mk\/index.php?rest_route=\/wp\/v2\/posts\/16112\/revisions"}],"wp:featuredmedia":[{"embeddable":true,"href":"https:\/\/indeks.bilten.mk\/index.php?rest_route=\/wp\/v2\/media\/16113"}],"wp:attachment":[{"href":"https:\/\/indeks.bilten.mk\/index.php?rest_route=%2Fwp%2Fv2%2Fmedia&parent=16112"}],"wp:term":[{"taxonomy":"category","embeddable":true,"href":"https:\/\/indeks.bilten.mk\/index.php?rest_route=%2Fwp%2Fv2%2Fcategories&post=16112"},{"taxonomy":"post_tag","embeddable":true,"href":"https:\/\/indeks.bilten.mk\/index.php?rest_route=%2Fwp%2Fv2%2Ftags&post=16112"}],"curies":[{"name":"wp","href":"https:\/\/api.w.org\/{rel}","templated":true}]}}