{"id":16115,"date":"2023-09-11T11:35:11","date_gmt":"2023-09-11T09:35:11","guid":{"rendered":"https:\/\/indeks.mk\/?p=16115"},"modified":"2023-09-11T11:35:11","modified_gmt":"2023-09-11T09:35:11","slug":"olti-curri-vajzat-shqiptare-lidhen-me-drejtora-banke-dhe","status":"publish","type":"post","link":"https:\/\/indeks.bilten.mk\/?p=16115","title":{"rendered":"Olti Curri: Vajzat shqiptare lidhen me drejtora banke dhe &#8230;"},"content":{"rendered":"<p>Prime i fundit i Love Island Albania ka patur surpriza. P\u00ebr her\u00eb t\u00eb par\u00eb u prezantuan dy opinionist\u00ebt e Love Island, t\u00eb cil\u00ebt jan\u00eb Olti Curri dhe Dalina Buzi.<\/p>\n<div class=\"code-block code-block-8\">\n<div id=\"futureads_d773fe1afb07405e8d2f0e46933877d3_zone_104122_sect_47401_site_41437\" data-sender=\"futureads\">T\u00eb pyetur n\u00eb lidhje me \u00e7iftet q\u00eb jan\u00eb krijuar paraprakisht n\u00eb vil\u00ebn e dashuris\u00eb ata u shpreh\u00ebn:<\/div>\n<\/div>\n<p>Dalina: \u00c7iftet e para u formuan nga pamja fizike.<\/p>\n<p>Olti: \u00cbsht\u00eb standard p\u00ebr vajzat e Shqip\u00ebris\u00eb q\u00eb t\u00eb lidhen me drejtora banke dhe t\u00eb b\u00ebjn\u00eb seks me badigardin.<\/p>\n<div class=\"code-block code-block-7\"><ins id=\"revive-0-4\" data-revive-zoneid=\"218\" data-revive-id=\"6d10792d7a3e9a00328e01545b0215e5\" data-revive-seq=\"4\" data-revive-loaded=\"1\"><\/p>\n<div id=\"beacon_19d432ce50\"><img loading=\"lazy\" decoding=\"async\" src=\"https:\/\/ads2.indeksonline.net\/www\/delivery\/lg.php?bannerid=0&amp;campaignid=0&amp;zoneid=218&amp;loc=https%3A%2F%2Findeksonline.net%2Folti-curri-vajzat-shqiptare-lidhen-me-drejtora-banke-dhe-bejne-sks-me-badigardin%2F&amp;referer=https%3A%2F%2Findeksonline.net%2Fshowbiz%2F&amp;cb=19d432ce50\" alt=\"\" width=\"0\" height=\"0\" \/>Sjellim n\u00eb v\u00ebmendje se n\u00eb fillim t\u00eb Love Island u krijuan 5 \u00e7iftet e para, por gjat\u00eb jav\u00ebs s\u00eb par\u00eb si e kemi par\u00eb edhe n\u00eb episodet ditore 3 prej tyre jan\u00eb ndar\u00eb.<\/div>\n<p><\/ins><\/div>\n<p><strong>P\u00ebrkat\u00ebsisht:<\/strong><\/p>\n<p>Amadea dhe Salion<\/p>\n<p>Artemis dhe Aleksandros,<\/p>\n<p>Sofiela dhe Arlind.<\/p>\n<p>Pas futjes s\u00eb \u2018bombshell\u2019 Gleni mbeti \u2018single\u2019 dhe i \u00ebsht\u00eb l\u00ebn\u00eb nj\u00eb jav\u00eb koh\u00eb q\u00eb t\u00eb zgjedhin nj\u00eb nga vajzat e vil\u00ebs, p\u00ebr t\u00eb vazhduar rrug\u00ebtimin.<\/p>\n","protected":false},"excerpt":{"rendered":"<p>Prime i fundit i Love Island Albania ka patur surpriza. P\u00ebr her\u00eb t\u00eb par\u00eb u prezantuan dy opinionist\u00ebt e Love Island, t\u00eb cil\u00ebt jan\u00eb Olti<\/p>\n","protected":false},"author":14,"featured_media":16117,"comment_status":"open","ping_status":"open","sticky":false,"template":"","format":"standard","meta":{"footnotes":""},"categories":[49],"tags":[],"class_list":["post-16115","post","type-post","status-publish","format-standard","has-post-thumbnail","hentry","category-showbiz"],"_links":{"self":[{"href":"https:\/\/indeks.bilten.mk\/index.php?rest_route=\/wp\/v2\/posts\/16115","targetHints":{"allow":["GET"]}}],"collection":[{"href":"https:\/\/indeks.bilten.mk\/index.php?rest_route=\/wp\/v2\/posts"}],"about":[{"href":"https:\/\/indeks.bilten.mk\/index.php?rest_route=\/wp\/v2\/types\/post"}],"author":[{"embeddable":true,"href":"https:\/\/indeks.bilten.mk\/index.php?rest_route=\/wp\/v2\/users\/14"}],"replies":[{"embeddable":true,"href":"https:\/\/indeks.bilten.mk\/index.php?rest_route=%2Fwp%2Fv2%2Fcomments&post=16115"}],"version-history":[{"count":0,"href":"https:\/\/indeks.bilten.mk\/index.php?rest_route=\/wp\/v2\/posts\/16115\/revisions"}],"wp:featuredmedia":[{"embeddable":true,"href":"https:\/\/indeks.bilten.mk\/index.php?rest_route=\/wp\/v2\/media\/16117"}],"wp:attachment":[{"href":"https:\/\/indeks.bilten.mk\/index.php?rest_route=%2Fwp%2Fv2%2Fmedia&parent=16115"}],"wp:term":[{"taxonomy":"category","embeddable":true,"href":"https:\/\/indeks.bilten.mk\/index.php?rest_route=%2Fwp%2Fv2%2Fcategories&post=16115"},{"taxonomy":"post_tag","embeddable":true,"href":"https:\/\/indeks.bilten.mk\/index.php?rest_route=%2Fwp%2Fv2%2Ftags&post=16115"}],"curies":[{"name":"wp","href":"https:\/\/api.w.org\/{rel}","templated":true}]}}