{"id":16119,"date":"2023-09-11T13:47:34","date_gmt":"2023-09-11T11:47:34","guid":{"rendered":"https:\/\/indeks.mk\/?p=16119"},"modified":"2023-09-11T13:48:20","modified_gmt":"2023-09-11T11:48:20","slug":"ahmeti-perkujton-sulmin-e-11-shtatorit-ndaj-shba-ve-u-shuan-rreth-3000-jete-te-pafajshme-u-lekunden-themelet-e-vlerave-demokratike","status":"publish","type":"post","link":"https:\/\/indeks.bilten.mk\/?p=16119","title":{"rendered":"Ahmeti p\u00ebrkujton sulmin e 11 shtatorit ndaj SHBA-ve: U shuan rreth 3000 jet\u00eb t\u00eb pafajshme, u l\u00ebkund\u00ebn themelet e vlerave demokratike"},"content":{"rendered":"<p>Kryetari i Bashkimit Demokratik p\u00ebr Integrim, Ali Ahmeti ka p\u00ebrkujtuar sot ngjarjen tragjike t\u00eb 11 shtatorit, sulmin terrorist ndaj Shteteve t\u00eb Bashkuara t\u00eb Amerik\u00ebs.<\/p>\n<p>Ahmeti shkruan se viktimat e Kullave Binjake duhet t\u00eb kujtohet me nderime dhe ngjarje t\u00eb tilla t\u00eb mos p\u00ebrs\u00ebrit\u00ebn m\u00eb.<\/p>\n<p>Statusi i plot\u00eb:<\/p>\n<p>Bota mbar\u00eb p\u00ebrkujton sot nj\u00eb nga episodet m\u00eb tragjike q\u00eb ka p\u00ebrjetuar n\u00eb historin\u00eb e saj, 22 vjetorin e sulmit terrorist ndaj Shteteve t\u00eb Bashkuara t\u00eb Amerik\u00ebs q\u00eb u mori jet\u00ebn rreth 3000 njer\u00ebzve t\u00eb pafajsh\u00ebm t\u00eb p\u00ebrkat\u00ebsive t\u00eb ndryshme etnike dhe fetare.<\/p>\n<p>Ky akt i kobsh\u00ebm l\u00ebkundi themelet e vlerave demokratike t\u00eb mbar\u00eb bot\u00ebs dhe zgjoi nd\u00ebrgjegjen e bashk\u00ebveprimit bot\u00ebror kund\u00ebr t\u00eb keqes.<\/p>\n<p>Le t\u00eb p\u00ebrkujtohet gjithmon\u00eb ai \u00e7ast tragjik, le t\u00eb nderohet kujtimi p\u00ebr viktimat q\u00eb kurr\u00eb t\u00eb mos lejojm\u00eb t\u00eb p\u00ebrs\u00ebritet s\u00ebrish.<\/p>\n<p><iframe loading=\"lazy\" src=\"https:\/\/www.facebook.com\/plugins\/post.php?href=https%3A%2F%2Fwww.facebook.com%2FAliAhmetiOfficial%2Fposts%2Fpfbid096AdDhw6oj946pQXUYWzoD7b6abMrjZqf2PKwvbURdzG1SXku3s9cNb4g2BJWieEl&#038;show_text=true&#038;width=500\" width=\"500\" height=\"736\" style=\"border:none;overflow:hidden\" scrolling=\"no\" frameborder=\"0\" allowfullscreen=\"true\" allow=\"autoplay; clipboard-write; encrypted-media; picture-in-picture; web-share\"><\/iframe><br \/>\n&nbsp;<\/p>\n","protected":false},"excerpt":{"rendered":"<p>Kryetari i Bashkimit Demokratik p\u00ebr Integrim, Ali Ahmeti ka p\u00ebrkujtuar sot ngjarjen tragjike t\u00eb 11 shtatorit, sulmin terrorist ndaj Shteteve t\u00eb Bashkuara t\u00eb Amerik\u00ebs. Ahmeti<\/p>\n","protected":false},"author":14,"featured_media":16120,"comment_status":"open","ping_status":"open","sticky":false,"template":"","format":"standard","meta":{"footnotes":""},"categories":[44],"tags":[],"class_list":["post-16119","post","type-post","status-publish","format-standard","has-post-thumbnail","hentry","category-maqedoni"],"_links":{"self":[{"href":"https:\/\/indeks.bilten.mk\/index.php?rest_route=\/wp\/v2\/posts\/16119","targetHints":{"allow":["GET"]}}],"collection":[{"href":"https:\/\/indeks.bilten.mk\/index.php?rest_route=\/wp\/v2\/posts"}],"about":[{"href":"https:\/\/indeks.bilten.mk\/index.php?rest_route=\/wp\/v2\/types\/post"}],"author":[{"embeddable":true,"href":"https:\/\/indeks.bilten.mk\/index.php?rest_route=\/wp\/v2\/users\/14"}],"replies":[{"embeddable":true,"href":"https:\/\/indeks.bilten.mk\/index.php?rest_route=%2Fwp%2Fv2%2Fcomments&post=16119"}],"version-history":[{"count":0,"href":"https:\/\/indeks.bilten.mk\/index.php?rest_route=\/wp\/v2\/posts\/16119\/revisions"}],"wp:featuredmedia":[{"embeddable":true,"href":"https:\/\/indeks.bilten.mk\/index.php?rest_route=\/wp\/v2\/media\/16120"}],"wp:attachment":[{"href":"https:\/\/indeks.bilten.mk\/index.php?rest_route=%2Fwp%2Fv2%2Fmedia&parent=16119"}],"wp:term":[{"taxonomy":"category","embeddable":true,"href":"https:\/\/indeks.bilten.mk\/index.php?rest_route=%2Fwp%2Fv2%2Fcategories&post=16119"},{"taxonomy":"post_tag","embeddable":true,"href":"https:\/\/indeks.bilten.mk\/index.php?rest_route=%2Fwp%2Fv2%2Ftags&post=16119"}],"curies":[{"name":"wp","href":"https:\/\/api.w.org\/{rel}","templated":true}]}}