{"id":16123,"date":"2023-09-11T13:52:57","date_gmt":"2023-09-11T11:52:57","guid":{"rendered":"https:\/\/indeks.mk\/?p=16123"},"modified":"2023-09-11T13:52:57","modified_gmt":"2023-09-11T11:52:57","slug":"gazetarja-amerikane-serbia-eshte-shteti-me-anti-shba-ne-evrope-vuciqi-biznesmen-i-amerikaneve","status":"publish","type":"post","link":"https:\/\/indeks.bilten.mk\/?p=16123","title":{"rendered":"Gazetarja amerikane: Serbia \u00ebsht\u00eb shteti m\u00eb anti-SHBA n\u00eb Evrop\u00eb, Vu\u00e7iqi biznesmen i amerikan\u00ebve!"},"content":{"rendered":"<p>Gazetarja amerikane Lily Lynch ka b\u00ebr\u00eb nj\u00eb profil mbi politik\u00ebn serbe dhe qasjen e saj ndaj Shteteve t\u00eb Bashkuara t\u00eb Amerik\u00ebs dhe ndaj Bashkimit Evropian, si dhe zhvillimet e Serbis\u00eb n\u00eb raport me Kosov\u00ebn.<\/p>\n<p>N\u00ebp\u00ebrmjet nj\u00eb artikulli t\u00eb publikuar t\u00eb h\u00ebn\u00ebn n\u00eb \u201cSocialeurope\u201d, Lynch, gazetare e mediumit \u201cBalkanist Magazine\u201d me qend\u00ebr n\u00eb Beograd, ka analizuar vizit\u00ebn e Tucker Carlson, shoumen dhe personazh televiziv n\u00eb ambasad\u00ebn e Serbis\u00eb n\u00eb Budapest.<\/p>\n<p>Sipas Lynch, qasja e Vu\u00e7iqit ndaj Carlsonit mund t\u00eb duket e p\u00eblqyeshme dhe e lakmueshme por si\u00e7 ka shkruar ajo, Serbia \u00ebsht\u00eb vendi m\u00eb antiamerikan n\u00eb Evrop\u00eb.<\/p>\n<p>\u201cShk\u00ebmbimi (mes tyre v.j.) mund t\u00eb duket i p\u00eblqyesh\u00ebm, sa mund t\u00eb harrohet, p\u00ebr momentin, se kjo qeveri serbe, q\u00eb e shikon shum\u00eb n\u00eb sht\u00ebpi nj\u00eb shfaqje amerikane \u2013 megjithat\u00eb, Serbia, nga t\u00eb gjitha matjet, \u00ebsht\u00eb vendi m\u00eb antiamerikan n\u00eb Evrop\u00eb. Megjithat\u00eb, p\u00ebrgjith\u00ebsisht nj\u00eb vend mikprit\u00ebs p\u00ebr vizitor\u00ebt nga Shtetet e Bashkuara t\u00eb Amerik\u00ebs, ndjenja ndaj politik\u00ebs n\u00eb Washington \u00ebsht\u00eb krejt e ndryshme\u201d, ka shkruar ajo.<\/p>\n<p>Sipas gazetares dhe komentueses politike, Ambasada e Shteteve t\u00eb Bashkuara t\u00eb Amerik\u00ebs n\u00eb Serbi ka qen\u00eb e etur p\u00ebr t\u2019i thelluar raportet me presidentin serb, Aleksandar Vu\u00e7iq, \u201ckrahas natyr\u00ebs autoritare t\u00eb mbret\u00ebrimit t\u00eb tij dhjet\u00ebvje\u00e7ar dhe historis\u00eb s\u00eb tij t\u00eb err\u00ebt politike\u201d.<\/p>\n<p>Lynch ka theksuar edhe faktin q\u00eb Vu\u00e7iqi ka qen\u00eb minist\u00ebr i Informacionit kur Slobodan Milosheviq ka qen\u00eb president i Jugosllavis\u00eb.<\/p>\n<p>\u201cP\u00ebr amerikan\u00ebt, Vu\u00e7iqi \u00ebsht\u00eb dikush me t\u00eb cilin mund t\u00eb b\u00ebjn\u00eb biznes. Ata e shohin at\u00eb si t\u00eb etur p\u00ebr t\u00eb zbatuar \u2018reformat ekonomike shum\u00eb t\u00eb nevojshme\u2019 \u2013 t\u00eb tilla si nj\u00eb rishikim i ligjit t\u00eb Pun\u00ebs n\u00eb dobi t\u00eb investitor\u00ebve t\u00eb huaj dhe n\u00eb d\u00ebm t\u00eb pun\u00ebtor\u00ebve serb\u00eb. Ata e shohin at\u00eb si t\u00eb p\u00ebrgatitur p\u00ebr t\u00eb b\u00ebr\u00eb pothuajse \u00e7do gj\u00eb p\u00ebr t\u00eb ruajtur pushtetin personal dhe p\u00ebr k\u00ebt\u00eb arsye t\u00eb pranuesh\u00ebm p\u00ebr t\u00eb b\u00ebr\u00eb marr\u00ebveshje jopopullore t\u00eb inkurajuara nga Per\u00ebndimi, madje edhe p\u00ebr Kosov\u00ebn. Dhe ata e mendojn\u00eb at\u00eb mjaft autokratik p\u00ebr t\u00eb mbajtur nj\u00eb kapak mbi element\u00ebt e pahijsh\u00ebm brenda s\u00eb djatht\u00ebs ekstreme serbe, nd\u00ebrkoh\u00eb q\u00eb \u00ebsht\u00eb mjaftuesh\u00ebm i fuqish\u00ebm p\u00ebr t\u00eb frenuar liderin m\u00eb haptazi pro-rus t\u00eb Republik\u00ebs Srpska, Milorad Dodik, i cili n\u00eb m\u00ebnyr\u00eb periodike ngre spektrin e shk\u00ebputjes s\u00eb saj nga Bosnja-Hercegovina\u201d, thuhet n\u00eb artikullin e saj.<\/p>\n<p>Gazetarja amerikane ka theksuar faktin se Serbia s\u2019i ka vendosur sanksione Rusis\u00eb, pasi kjo nisi agresionin n\u00eb Ukrain\u00eb. Ajo ka shkruar edhe p\u00ebr kreun e BIA-s serbe, Aleksandar Vulin, q\u00eb muaj m\u00eb par\u00eb \u00ebsht\u00eb sanksionuar nga SHBA-ja, derisa ka folur edhe p\u00ebr situat\u00ebn n\u00eb veri dhe qasjen amerikane ndaj Kosov\u00ebs.<\/p>\n<p>\u201cAmbasadat e SHBA-s\u00eb n\u00eb Beograd dhe n\u00eb Prishtin\u00eb e kan\u00eb faj\u00ebsuar kryeministrin Albin Kurti p\u00ebr \u2018l\u00ebvizjet e menj\u00ebhershme\u2019 t\u00eb dhun\u00ebs n\u00eb veriun e Kosov\u00ebs. Pjesa m\u00eb e madhe e mediave e ka ndjekur shembullin \u2013 si me rastin e \u2018TheEconomist\u2019: \u2018K\u00ebsaj radhe, shqiptar\u00ebt etnik\u00eb t\u00eb Kosov\u00ebs jan\u00eb kryesisht fajtor\u00eb\u2019. D\u00ebnimi i till\u00eb i ashp\u00ebr ndaj Prishtin\u00ebs \u00ebsht\u00eb interpretuar nga shum\u00eb njer\u00ebz si p\u00ebrpjekje e radh\u00ebs p\u00ebr t\u00eb fituar favorin e serb\u00ebve\u201d, ka shkruar tutje Lynch.<\/p>\n","protected":false},"excerpt":{"rendered":"<p>Gazetarja amerikane Lily Lynch ka b\u00ebr\u00eb nj\u00eb profil mbi politik\u00ebn serbe dhe qasjen e saj ndaj Shteteve t\u00eb Bashkuara t\u00eb Amerik\u00ebs dhe ndaj Bashkimit Evropian,<\/p>\n","protected":false},"author":14,"featured_media":0,"comment_status":"open","ping_status":"open","sticky":false,"template":"","format":"standard","meta":{"footnotes":""},"categories":[45],"tags":[],"class_list":["post-16123","post","type-post","status-publish","format-standard","hentry","category-rajoni"],"_links":{"self":[{"href":"https:\/\/indeks.bilten.mk\/index.php?rest_route=\/wp\/v2\/posts\/16123","targetHints":{"allow":["GET"]}}],"collection":[{"href":"https:\/\/indeks.bilten.mk\/index.php?rest_route=\/wp\/v2\/posts"}],"about":[{"href":"https:\/\/indeks.bilten.mk\/index.php?rest_route=\/wp\/v2\/types\/post"}],"author":[{"embeddable":true,"href":"https:\/\/indeks.bilten.mk\/index.php?rest_route=\/wp\/v2\/users\/14"}],"replies":[{"embeddable":true,"href":"https:\/\/indeks.bilten.mk\/index.php?rest_route=%2Fwp%2Fv2%2Fcomments&post=16123"}],"version-history":[{"count":0,"href":"https:\/\/indeks.bilten.mk\/index.php?rest_route=\/wp\/v2\/posts\/16123\/revisions"}],"wp:attachment":[{"href":"https:\/\/indeks.bilten.mk\/index.php?rest_route=%2Fwp%2Fv2%2Fmedia&parent=16123"}],"wp:term":[{"taxonomy":"category","embeddable":true,"href":"https:\/\/indeks.bilten.mk\/index.php?rest_route=%2Fwp%2Fv2%2Fcategories&post=16123"},{"taxonomy":"post_tag","embeddable":true,"href":"https:\/\/indeks.bilten.mk\/index.php?rest_route=%2Fwp%2Fv2%2Ftags&post=16123"}],"curies":[{"name":"wp","href":"https:\/\/api.w.org\/{rel}","templated":true}]}}