{"id":16125,"date":"2023-09-11T14:08:52","date_gmt":"2023-09-11T12:08:52","guid":{"rendered":"https:\/\/indeks.mk\/?p=16125"},"modified":"2023-09-11T14:09:05","modified_gmt":"2023-09-11T12:09:05","slug":"fotografia-e-lidereve-te-ballkanit-ne-samitin-e-brdo-brione","status":"publish","type":"post","link":"https:\/\/indeks.bilten.mk\/?p=16125","title":{"rendered":"Fotografia e lider\u00ebve t\u00eb Ballkanit n\u00eb Samitin e Brdo-Brione"},"content":{"rendered":"<p><strong>Presidenca e Maqedonis\u00eb s\u00eb Veriut ka shp\u00ebrndar\u00eb fotografi nga takimi i lider\u00ebve t\u00eb Ballkanit Per\u00ebndimor n\u00eb kuad\u00ebr t\u00eb Samitit t\u00eb Brdo-Brione.<\/strong><\/p>\n<p>N\u00eb fotografit\u00eb e publikuara hihen lider\u00ebt e Sllovenis\u00eb, Kroacis\u00eb dhe Maqedonis\u00eb s\u00eb Veriut q\u00eb jan\u00eb fotografuar me secilin president t\u00eb shteteve tjera t\u00eb Ballkanit p\u00ebrfshir\u00eb edhe presidenten e Kosov\u00ebs, Vjosa Osmani.<\/p>\n<p>Po ashtu, \u00ebsht\u00eb b\u00ebr\u00eb edhe nj\u00eb fotografi e t\u00eb gjith\u00eb lider\u00ebve s\u00eb bashku, n\u00eb takimin e sot\u00ebm \u00ebsht\u00eb diskutuar zhvillimi i Ballkanit Per\u00ebndimor dhe integrimi evropian i tij.<\/p>\n<p><img loading=\"lazy\" decoding=\"async\" class=\"alignnone size-full wp-image-855077\" src=\"https:\/\/reporteri.net\/wp-content\/uploads\/2023\/09\/Foto-8-1536x1023-1.jpeg\" sizes=\"auto, (max-width: 1536px) 100vw, 1536px\" srcset=\"https:\/\/reporteri.net\/wp-content\/uploads\/2023\/09\/Foto-8-1536x1023-1.jpeg 1536w, https:\/\/reporteri.net\/wp-content\/uploads\/2023\/09\/Foto-8-1536x1023-1-300x200.jpeg 300w, https:\/\/reporteri.net\/wp-content\/uploads\/2023\/09\/Foto-8-1536x1023-1-1024x682.jpeg 1024w, https:\/\/reporteri.net\/wp-content\/uploads\/2023\/09\/Foto-8-1536x1023-1-768x512.jpeg 768w\" alt=\"\" width=\"1536\" height=\"1023\" \/><\/p>\n<p><img loading=\"lazy\" decoding=\"async\" class=\"alignnone size-full wp-image-855078\" src=\"https:\/\/reporteri.net\/wp-content\/uploads\/2023\/09\/Foto-6-1536x1023-1.jpeg\" sizes=\"auto, (max-width: 1536px) 100vw, 1536px\" srcset=\"https:\/\/reporteri.net\/wp-content\/uploads\/2023\/09\/Foto-6-1536x1023-1.jpeg 1536w, https:\/\/reporteri.net\/wp-content\/uploads\/2023\/09\/Foto-6-1536x1023-1-300x200.jpeg 300w, https:\/\/reporteri.net\/wp-content\/uploads\/2023\/09\/Foto-6-1536x1023-1-1024x682.jpeg 1024w, https:\/\/reporteri.net\/wp-content\/uploads\/2023\/09\/Foto-6-1536x1023-1-768x512.jpeg 768w\" alt=\"\" width=\"1536\" height=\"1023\" \/><\/p>\n<p><img loading=\"lazy\" decoding=\"async\" class=\"alignnone size-full wp-image-855079\" src=\"https:\/\/reporteri.net\/wp-content\/uploads\/2023\/09\/Foto-7-1536x1023-1.jpeg\" sizes=\"auto, (max-width: 1536px) 100vw, 1536px\" srcset=\"https:\/\/reporteri.net\/wp-content\/uploads\/2023\/09\/Foto-7-1536x1023-1.jpeg 1536w, https:\/\/reporteri.net\/wp-content\/uploads\/2023\/09\/Foto-7-1536x1023-1-300x200.jpeg 300w, https:\/\/reporteri.net\/wp-content\/uploads\/2023\/09\/Foto-7-1536x1023-1-1024x682.jpeg 1024w, https:\/\/reporteri.net\/wp-content\/uploads\/2023\/09\/Foto-7-1536x1023-1-768x512.jpeg 768w\" alt=\"\" width=\"1536\" height=\"1023\" \/><\/p>\n<p><img loading=\"lazy\" decoding=\"async\" class=\"alignnone size-full wp-image-855080\" src=\"https:\/\/reporteri.net\/wp-content\/uploads\/2023\/09\/Foto-10.jpeg\" sizes=\"auto, (max-width: 1600px) 100vw, 1600px\" srcset=\"https:\/\/reporteri.net\/wp-content\/uploads\/2023\/09\/Foto-10.jpeg 1600w, https:\/\/reporteri.net\/wp-content\/uploads\/2023\/09\/Foto-10-300x200.jpeg 300w, https:\/\/reporteri.net\/wp-content\/uploads\/2023\/09\/Foto-10-1024x682.jpeg 1024w, https:\/\/reporteri.net\/wp-content\/uploads\/2023\/09\/Foto-10-768x512.jpeg 768w, https:\/\/reporteri.net\/wp-content\/uploads\/2023\/09\/Foto-10-1536x1023.jpeg 1536w\" alt=\"\" width=\"1600\" height=\"1066\" \/><\/p>\n","protected":false},"excerpt":{"rendered":"<p>Presidenca e Maqedonis\u00eb s\u00eb Veriut ka shp\u00ebrndar\u00eb fotografi nga takimi i lider\u00ebve t\u00eb Ballkanit Per\u00ebndimor n\u00eb kuad\u00ebr t\u00eb Samitit t\u00eb Brdo-Brione. N\u00eb fotografit\u00eb e publikuara<\/p>\n","protected":false},"author":14,"featured_media":16126,"comment_status":"open","ping_status":"open","sticky":false,"template":"","format":"standard","meta":{"footnotes":""},"categories":[44,45],"tags":[],"class_list":["post-16125","post","type-post","status-publish","format-standard","has-post-thumbnail","hentry","category-maqedoni","category-rajoni"],"_links":{"self":[{"href":"https:\/\/indeks.bilten.mk\/index.php?rest_route=\/wp\/v2\/posts\/16125","targetHints":{"allow":["GET"]}}],"collection":[{"href":"https:\/\/indeks.bilten.mk\/index.php?rest_route=\/wp\/v2\/posts"}],"about":[{"href":"https:\/\/indeks.bilten.mk\/index.php?rest_route=\/wp\/v2\/types\/post"}],"author":[{"embeddable":true,"href":"https:\/\/indeks.bilten.mk\/index.php?rest_route=\/wp\/v2\/users\/14"}],"replies":[{"embeddable":true,"href":"https:\/\/indeks.bilten.mk\/index.php?rest_route=%2Fwp%2Fv2%2Fcomments&post=16125"}],"version-history":[{"count":0,"href":"https:\/\/indeks.bilten.mk\/index.php?rest_route=\/wp\/v2\/posts\/16125\/revisions"}],"wp:featuredmedia":[{"embeddable":true,"href":"https:\/\/indeks.bilten.mk\/index.php?rest_route=\/wp\/v2\/media\/16126"}],"wp:attachment":[{"href":"https:\/\/indeks.bilten.mk\/index.php?rest_route=%2Fwp%2Fv2%2Fmedia&parent=16125"}],"wp:term":[{"taxonomy":"category","embeddable":true,"href":"https:\/\/indeks.bilten.mk\/index.php?rest_route=%2Fwp%2Fv2%2Fcategories&post=16125"},{"taxonomy":"post_tag","embeddable":true,"href":"https:\/\/indeks.bilten.mk\/index.php?rest_route=%2Fwp%2Fv2%2Ftags&post=16125"}],"curies":[{"name":"wp","href":"https:\/\/api.w.org\/{rel}","templated":true}]}}