{"id":16134,"date":"2023-09-11T14:26:48","date_gmt":"2023-09-11T12:26:48","guid":{"rendered":"https:\/\/indeks.mk\/?p=16134"},"modified":"2023-09-11T14:26:48","modified_gmt":"2023-09-11T12:26:48","slug":"mori-vemendjen-ne-stadium-por-ja-kush-eshte-tifozja-bukuroshe-e-kosoves","status":"publish","type":"post","link":"https:\/\/indeks.bilten.mk\/?p=16134","title":{"rendered":"Mori v\u00ebmendjen n\u00eb stadium, por ja kush \u00ebsht\u00eb tifozja bukuroshe e Kosov\u00ebs&#8230;"},"content":{"rendered":"<p><strong>Mbr\u00ebm\u00eb Kosova ka arritur nj\u00eb barazim spektakolar n\u00eb minutat e fundit p\u00ebr t\u00eb barazuar rezultatin 2:2 ndaj Zvicr\u00ebs n\u00eb \u201cFadil Vokrri\u201d.<\/strong><\/p>\n<p>Kjo ndeshje \u00ebsht\u00eb zhvilluar n\u00eb kuad\u00ebr t\u00eb kualifikimeve p\u00ebr Kampionatin Evropian.<\/p>\n<p>N\u00eb stadiumin e mbushur plot, zviceran\u00ebt u prit\u00ebn ngroht\u00ebsisht nga \u201cDardan\u00ebt\u201d, p\u00ebrve\u00e7 Uran Bislimit, i cili u v\u00ebrsh\u00ebllye nga ta. Kjo pasi q\u00eb ai s\u00eb fundmi zgjodhi t\u00eb luaj\u00eb p\u00ebr \u201chelvetik\u00ebt\u201d, duke braktisur Kosov\u00ebn.<\/p>\n<p>N\u00eb p\u00ebrkrahje t\u00eb Kosov\u00ebs, ishin tifoz\u00ebn \u2018Dardan\u2019 t\u00eb cil\u00ebt mbet\u00ebn edhe jasht\u00eb stadiumit pasi nuk kishte ul\u00ebse p\u00ebr t\u2019i z\u00ebn\u00eb t\u00eb gjith\u00eb adhuruesit e futbollit.<\/p>\n<p>Tifozeria e flakt\u00eb e Kosov\u00ebs, u pa mbr\u00ebm\u00eb n\u00eb stadium.<\/p>\n<p>P\u00ebrve\u00e7 emrave t\u00eb politik\u00ebs, shoubizit aty kishte edhe qytetar\u00eb t\u00eb shumt\u00eb.<\/p>\n<p>Nj\u00eb tifoze e flakt\u00eb e Kosov\u00ebs, \u00ebsht\u00eb pa n\u00eb tribunat e \u201cFadil Vokrrit\u201d, e cila mbr\u00ebm\u00eb dhe sot \u00ebsht\u00eb komentuar mjaft\u00eb shum\u00eb.<\/p>\n<p>DTV, zbulon emrin e saj. Ajo \u00ebsht\u00eb Vjosa Pllana e cila la nj\u00eb paraqitje jasht\u00ebzakonisht\u00eb t\u00eb bukur.<\/p>\n<p>Paraqitjen e saj nuk hezituan fotograf\u00eb t\u00eb shumt\u00eb q\u00eb ta \u2018vendosin\u2019 n\u00ebn thumbin e aparatit.<\/p>\n<p>Me flamurin e Kosov\u00ebs t\u00eb ngrituar lart\u00eb, fotoja e saj tashm\u00eb \u00ebsht\u00eb b\u00eb virale.<\/p>\n","protected":false},"excerpt":{"rendered":"<p>Mbr\u00ebm\u00eb Kosova ka arritur nj\u00eb barazim spektakolar n\u00eb minutat e fundit p\u00ebr t\u00eb barazuar rezultatin 2:2 ndaj Zvicr\u00ebs n\u00eb \u201cFadil Vokrri\u201d. Kjo ndeshje \u00ebsht\u00eb zhvilluar<\/p>\n","protected":false},"author":14,"featured_media":16135,"comment_status":"open","ping_status":"open","sticky":false,"template":"","format":"standard","meta":{"footnotes":""},"categories":[49],"tags":[],"class_list":["post-16134","post","type-post","status-publish","format-standard","has-post-thumbnail","hentry","category-showbiz"],"_links":{"self":[{"href":"https:\/\/indeks.bilten.mk\/index.php?rest_route=\/wp\/v2\/posts\/16134","targetHints":{"allow":["GET"]}}],"collection":[{"href":"https:\/\/indeks.bilten.mk\/index.php?rest_route=\/wp\/v2\/posts"}],"about":[{"href":"https:\/\/indeks.bilten.mk\/index.php?rest_route=\/wp\/v2\/types\/post"}],"author":[{"embeddable":true,"href":"https:\/\/indeks.bilten.mk\/index.php?rest_route=\/wp\/v2\/users\/14"}],"replies":[{"embeddable":true,"href":"https:\/\/indeks.bilten.mk\/index.php?rest_route=%2Fwp%2Fv2%2Fcomments&post=16134"}],"version-history":[{"count":0,"href":"https:\/\/indeks.bilten.mk\/index.php?rest_route=\/wp\/v2\/posts\/16134\/revisions"}],"wp:featuredmedia":[{"embeddable":true,"href":"https:\/\/indeks.bilten.mk\/index.php?rest_route=\/wp\/v2\/media\/16135"}],"wp:attachment":[{"href":"https:\/\/indeks.bilten.mk\/index.php?rest_route=%2Fwp%2Fv2%2Fmedia&parent=16134"}],"wp:term":[{"taxonomy":"category","embeddable":true,"href":"https:\/\/indeks.bilten.mk\/index.php?rest_route=%2Fwp%2Fv2%2Fcategories&post=16134"},{"taxonomy":"post_tag","embeddable":true,"href":"https:\/\/indeks.bilten.mk\/index.php?rest_route=%2Fwp%2Fv2%2Ftags&post=16134"}],"curies":[{"name":"wp","href":"https:\/\/api.w.org\/{rel}","templated":true}]}}