{"id":16141,"date":"2023-09-11T14:50:05","date_gmt":"2023-09-11T12:50:05","guid":{"rendered":"https:\/\/indeks.mk\/?p=16141"},"modified":"2023-09-11T14:50:05","modified_gmt":"2023-09-11T12:50:05","slug":"katana-mediat-serbe-me-kerkese-absurde-ndaj-uefa-s-qe-ta-denojne-mirlind-dakun","status":"publish","type":"post","link":"https:\/\/indeks.bilten.mk\/?p=16141","title":{"rendered":"&#8220;KATANA&#8221;, mediat serbe me k\u00ebrkes\u00eb absurde ndaj UEFA-s q\u00eb ta d\u00ebnojn\u00eb Mirlind Dakun"},"content":{"rendered":"<p><strong>Mirlind Daku ka sh\u00ebnuar golin e par\u00eb me fanell\u00ebn e Shqip\u00ebris\u00eb, n\u00eb ndeshjen e dyt\u00eb me kuqezinjt\u00eb.<\/strong><\/p>\n<div class=\"code-block code-block-43 code-block-pas-paragrafit-2t-inarticle\">\n<div>\n<div class=\"code-block-label\">Sulmuesi gjilanas realizoi ndaj Polonis\u00eb vet\u00ebm disa sekonda pasi u inkuadrua n\u00eb fush\u00eb duke sjell nj\u00eb g\u00ebzim t\u00eb jasht\u00ebzakonsh\u00ebm n\u00eb \u2018Air Albania\u2019 ku Shqip\u00ebria mori fitore 2-0.<\/div>\n<\/div>\n<\/div>\n<p>Daku festoi duke hequr fanell\u00ebn, derisa n\u00eb shpind\u00ebn e tij \u00ebsht\u00eb nj\u00eb tatuazh i mrekulluesh\u00ebm.<\/p>\n<p>25-vje\u00e7ari ka tatuazh k\u00ebmb\u00ebn e komandantit legjendar Agim Ramadani pasi theu kufirin shqiptaro-shqiptar.<\/p>\n<p>Aty shkruan edhe \u2018Katana 138\u2019, pseudonimi i Agim Ramadanit dhe numri 138 q\u00eb simbolizon brigad\u00ebn q\u00eb ai udh\u00ebhiqte.<\/p>\n<p>Mediat e ndryshme n\u00eb Serbi kan\u00eb raportuar se UEFA duhet ta d\u00ebnoj Dakun, por gjithsesi k\u00ebto do t\u00eb mbesin vet\u00ebm pretendime t\u00eb tyre pasi sht\u00ebpia m\u00eb e madhe e futbollit evropian nuk mund ta d\u00ebnoj sulmuesin shqiptar.<\/p>\n<div class=\"ai-viewport-1\" data-insertion-position=\"prepend\" data-selector=\".ai-insert-1-14487867\" data-insertion-no-dbg=\"\" data-code=\"PGRpdiBjbGFzcz0nY29kZS1ibG9jayBjb2RlLWJsb2NrLTEgY29kZS1ibG9jay1pbmFydGljbGUtZGVza3RvcCcgc3R5bGU9J21hcmdpbjogOHB4IGF1dG87IHRleHQtYWxpZ246IGNlbnRlcjsgZGlzcGxheTogYmxvY2s7IGNsZWFyOiBib3RoOyB3aWR0aDogMzAwcHg7IGhlaWdodDogNDIwcHg7IGJhY2tncm91bmQtY29sb3I6ICNmZmZmZmY7Jz4KPGRpdiBzdHlsZT0icG9zaXRpb246IHN0aWNreTsgdG9wOiAxNXB4OyI+CjxkaXYgY2xhc3M9ImNvZGUtYmxvY2stbGFiZWwiPlJla2xhbWE8L2Rpdj4KPGRpdiBkYXRhLWFkLXVuaXQtaWQ9Ii8yMjY0NjY1NzExOC9Jbi1hcnRpY2xlX2JveF8yIj48L2Rpdj4KPC9kaXY+CjxkaXYgc3R5bGU9IiBoZWlnaHQ6IDM5MHB4OyI+PC9kaXY+CjwvZGl2Pgo=\" data-block=\"1\">\n<div class=\"code-block code-block-1 code-block-inarticle-desktop\">\n<div>\n<div id=\"ad-id-\/22646657118\/in-article_box_2-957804379021578\" data-ad-unit-id=\"\/22646657118\/In-article_box_2\">Madje gazeta serbe \u2018<a href=\"https:\/\/sportal.blic.rs\/sportske-vesti\/reprezentativac-albanije-pokazao-tetovazu-ovk-teroriste\/2023091107244114581\" target=\"_blank\" rel=\"noopener\">Blic.rs<\/a>\u2018 ka shkruar se Daku pas golit zbuloi tatuazhin e komandantit Agim Ramadani q\u00eb sipas tyre ka udh\u00ebhequr brigad\u00ebn fam\u00ebkeqe dhe terroriste t\u00eb U\u00c7K-s\u00eb, por ata po harrojn\u00eb se terrorist\u00eb dhe fam\u00ebkeqe ka qen\u00eb vet\u00ebm ushtria e kriminelit Slobodan Milosevic q\u00eb ka b\u00ebr\u00eb krime n\u00eb disa shtete t\u00eb Ballkanit, p\u00ebrfshir\u00eb edhe Kosov\u00ebn.<\/div>\n<\/div>\n<\/div>\n<\/div>\n<p>Daku pas ndeshjes ka deklaruar se golin ia dedikon familjes s\u00eb tij dhe gjith\u00eb d\u00ebshmor\u00ebve t\u00eb Kosov\u00ebs t\u00eb r\u00ebn\u00eb p\u00ebr liri.<\/p>\n<p>\u201cIa dedikoj familjes time, q\u00eb m\u00eb ka p\u00ebrkrahur gjithmon\u00eb, por edhe gjith\u00eb d\u00ebshmor\u00ebve n\u00eb Kosov\u00eb, q\u00eb kan\u00eb dh\u00ebn\u00eb gjith\u00e7ka p\u00ebr atdheun dhe kan\u00eb kontribuuar q\u00eb ne t\u00eb mblidhemi nga t\u00eb gjith\u00eb trevat dhe t\u00eb luajm\u00eb me k\u00ebt\u00eb fanell\u00eb\u201d, ka th\u00ebn\u00eb Daku.\u00a0<em><strong>\/Telegrafi\/\u00a0<\/strong><\/em><\/p>\n","protected":false},"excerpt":{"rendered":"<p>Mirlind Daku ka sh\u00ebnuar golin e par\u00eb me fanell\u00ebn e Shqip\u00ebris\u00eb, n\u00eb ndeshjen e dyt\u00eb me kuqezinjt\u00eb. Sulmuesi gjilanas realizoi ndaj Polonis\u00eb vet\u00ebm disa sekonda<\/p>\n","protected":false},"author":14,"featured_media":16142,"comment_status":"open","ping_status":"open","sticky":false,"template":"","format":"standard","meta":{"footnotes":""},"categories":[48],"tags":[],"class_list":["post-16141","post","type-post","status-publish","format-standard","has-post-thumbnail","hentry","category-sport"],"_links":{"self":[{"href":"https:\/\/indeks.bilten.mk\/index.php?rest_route=\/wp\/v2\/posts\/16141","targetHints":{"allow":["GET"]}}],"collection":[{"href":"https:\/\/indeks.bilten.mk\/index.php?rest_route=\/wp\/v2\/posts"}],"about":[{"href":"https:\/\/indeks.bilten.mk\/index.php?rest_route=\/wp\/v2\/types\/post"}],"author":[{"embeddable":true,"href":"https:\/\/indeks.bilten.mk\/index.php?rest_route=\/wp\/v2\/users\/14"}],"replies":[{"embeddable":true,"href":"https:\/\/indeks.bilten.mk\/index.php?rest_route=%2Fwp%2Fv2%2Fcomments&post=16141"}],"version-history":[{"count":0,"href":"https:\/\/indeks.bilten.mk\/index.php?rest_route=\/wp\/v2\/posts\/16141\/revisions"}],"wp:featuredmedia":[{"embeddable":true,"href":"https:\/\/indeks.bilten.mk\/index.php?rest_route=\/wp\/v2\/media\/16142"}],"wp:attachment":[{"href":"https:\/\/indeks.bilten.mk\/index.php?rest_route=%2Fwp%2Fv2%2Fmedia&parent=16141"}],"wp:term":[{"taxonomy":"category","embeddable":true,"href":"https:\/\/indeks.bilten.mk\/index.php?rest_route=%2Fwp%2Fv2%2Fcategories&post=16141"},{"taxonomy":"post_tag","embeddable":true,"href":"https:\/\/indeks.bilten.mk\/index.php?rest_route=%2Fwp%2Fv2%2Ftags&post=16141"}],"curies":[{"name":"wp","href":"https:\/\/api.w.org\/{rel}","templated":true}]}}