{"id":16144,"date":"2023-09-11T14:52:33","date_gmt":"2023-09-11T12:52:33","guid":{"rendered":"https:\/\/indeks.mk\/?p=16144"},"modified":"2023-09-11T14:52:33","modified_gmt":"2023-09-11T12:52:33","slug":"trajneri-i-rumanise-me-kosoven-do-ta-kemi-shume-veshtire","status":"publish","type":"post","link":"https:\/\/indeks.bilten.mk\/?p=16144","title":{"rendered":"Trajneri i Rumanis\u00eb: Me Kosov\u00ebn do ta kemi shum\u00eb v\u00ebshtir\u00eb"},"content":{"rendered":"<p><strong>Rumania dhe Kosova do t\u00eb p\u00ebrballen t\u00eb mart\u00ebn mbr\u00ebma n\u00eb Bukuresht n\u00eb ndeshjen m\u00eb t\u00eb r\u00ebnd\u00ebsishme t\u00eb tyre p\u00ebr kualifikueset e Euro 2024.<\/strong><\/p>\n<div class=\"code-block code-block-43 code-block-pas-paragrafit-2t-inarticle\">\n<div>\n<div id=\"ad-id-\/22646657118\/in-article_box_1-4856108496438336\" data-ad-unit-id=\"\/22646657118\/In-article_box_1\">Rumun\u00ebt aktualisht jan\u00eb t\u00eb dyt\u00ebt n\u00eb tabel\u00eb me n\u00ebnt\u00eb pik\u00eb pas pes\u00eb ndeshjeve dhe kan\u00eb plot pes\u00eb pik\u00eb m\u00eb shum\u00eb se Dardan\u00ebt.<\/div>\n<\/div>\n<\/div>\n<p>Megjithat\u00eb kjo ndeshje pritet t\u00eb jet\u00eb vendimtare sidomos p\u00ebr Kosov\u00ebn, ku vet\u00ebm fitorja e mban\u00eb n\u00eb gar\u00eb p\u00ebr kualifikim.<\/p>\n<p>Trajneri i Rumanis\u00eb, Edi Iordanescu \u00ebsht\u00eb i bindur se p\u00ebrfaq\u00ebsuesja q\u00eb ai udh\u00ebheq mund ta mposht Kosov\u00ebn dhe do t\u00eb shkoj n\u00eb Kampionatin Evropian, \u2018Euro 2024\u2019.<\/p>\n<div class=\"related-to-article\">\n<div class=\"related-article-i\">\n<div class=\"clearfix\">\u201cJemi para nj\u00eb momenti t\u00eb r\u00ebnd\u00ebsish\u00ebm, nj\u00eb ndeshje t\u00eb r\u00ebnd\u00ebsishme p\u00ebr renditjen n\u00eb tabel\u00eb dhe objektivin q\u00eb e kemi. Jemi shum\u00eb t\u00eb vet\u00ebdijsh\u00ebm p\u00ebr situat\u00ebn n\u00eb t\u00eb cil\u00ebn ndodhemi, por besoj se do t\u00eb reagojm\u00eb\u201d.<\/div>\n<\/div>\n<\/div>\n<div class=\"ai-viewport-1\" data-insertion-position=\"prepend\" data-selector=\".ai-insert-1-24922791\" data-insertion-no-dbg=\"\" data-code=\"PGRpdiBjbGFzcz0nY29kZS1ibG9jayBjb2RlLWJsb2NrLTEgY29kZS1ibG9jay1pbmFydGljbGUtZGVza3RvcCcgc3R5bGU9J21hcmdpbjogOHB4IGF1dG87IHRleHQtYWxpZ246IGNlbnRlcjsgZGlzcGxheTogYmxvY2s7IGNsZWFyOiBib3RoOyB3aWR0aDogMzAwcHg7IGhlaWdodDogNDIwcHg7IGJhY2tncm91bmQtY29sb3I6ICNmZmZmZmY7Jz4KPGRpdiBzdHlsZT0icG9zaXRpb246IHN0aWNreTsgdG9wOiAxNXB4OyI+CjxkaXYgY2xhc3M9ImNvZGUtYmxvY2stbGFiZWwiPlJla2xhbWE8L2Rpdj4KPGRpdiBkYXRhLWFkLXVuaXQtaWQ9Ii8yMjY0NjY1NzExOC9Jbi1hcnRpY2xlX2JveF8yIj48L2Rpdj4KPC9kaXY+CjxkaXYgc3R5bGU9IiBoZWlnaHQ6IDM5MHB4OyI+PC9kaXY+CjwvZGl2Pgo=\" data-block=\"1\">\n<div class=\"code-block code-block-1 code-block-inarticle-desktop\">\n<div>\u201cUn\u00eb jam jasht\u00ebzakonisht realist dhe e pranoj realitetin, k\u00ebshtu q\u00eb, duhet t\u00eb rrisim nivelin ton\u00eb t\u00eb loj\u00eb duke u nisur nga ndeshja me Kosov\u00ebn\u201d.<\/div>\n<\/div>\n<\/div>\n<p>\u201cNe jemi n\u00eb gar\u00eb p\u00ebr kualifikim n\u00eb evropian. Jemi n\u00eb pozit\u00ebn e dyt\u00eb dhe t\u00eb pamposhtur pas pes\u00eb ndeshjeve t\u00eb luajtura. Po ashtu, kemi edhe mbrojtjen m\u00eb t\u00eb mir\u00eb. Do t\u00eb vazhdojm\u00eb tutje me vet\u00ebbesim dhe k\u00ebt\u00eb e pres n\u00eb ndeshjen e radh\u00ebs\u201d, deklaroi Iordanescu.<\/p>\n<div class=\"related-to-article\">\n<div class=\"related-article-i\">\n<div class=\"clearfix\">Trajneri rumun ka th\u00ebn\u00eb se ndaj Kosov\u00ebs \u00ebsht\u00eb shum\u00eb v\u00ebshtir\u00eb, por ai ka pranuar se do t\u00eb b\u00ebj edhe ndryshime n\u00eb formacion.<\/div>\n<\/div>\n<\/div>\n<p>\u201cNdryshime n\u00eb formacion, padyshim se do t\u00eb ket\u00eb. Nuk e di sa ndryshime, por ato do t\u2019i shihni para ndeshjes. Kemi nevoj\u00eb p\u00ebr energji, t\u00eb vrapojm\u00eb dhe t\u00eb fitojm\u00eb duelet. Na pret nj\u00eb ndeshje shum\u00eb e v\u00ebshtir\u00eb p\u00ebr shkak se Kosova ka lojtar\u00eb n\u00eb pes\u00eb ligat m\u00eb t\u00eb forta t\u00eb Evrop\u00ebs dhe vjen k\u00ebtu p\u00ebr t\u00eb mbajtur gjall\u00eb shpresat p\u00ebr kualifikim\u201d, tha Iordanescu.\u00a0<em><strong>\/Telegrafi\/<\/strong><\/em><\/p>\n","protected":false},"excerpt":{"rendered":"<p>Rumania dhe Kosova do t\u00eb p\u00ebrballen t\u00eb mart\u00ebn mbr\u00ebma n\u00eb Bukuresht n\u00eb ndeshjen m\u00eb t\u00eb r\u00ebnd\u00ebsishme t\u00eb tyre p\u00ebr kualifikueset e Euro 2024. Rumun\u00ebt aktualisht<\/p>\n","protected":false},"author":14,"featured_media":16145,"comment_status":"open","ping_status":"open","sticky":false,"template":"","format":"standard","meta":{"footnotes":""},"categories":[48],"tags":[],"class_list":["post-16144","post","type-post","status-publish","format-standard","has-post-thumbnail","hentry","category-sport"],"_links":{"self":[{"href":"https:\/\/indeks.bilten.mk\/index.php?rest_route=\/wp\/v2\/posts\/16144","targetHints":{"allow":["GET"]}}],"collection":[{"href":"https:\/\/indeks.bilten.mk\/index.php?rest_route=\/wp\/v2\/posts"}],"about":[{"href":"https:\/\/indeks.bilten.mk\/index.php?rest_route=\/wp\/v2\/types\/post"}],"author":[{"embeddable":true,"href":"https:\/\/indeks.bilten.mk\/index.php?rest_route=\/wp\/v2\/users\/14"}],"replies":[{"embeddable":true,"href":"https:\/\/indeks.bilten.mk\/index.php?rest_route=%2Fwp%2Fv2%2Fcomments&post=16144"}],"version-history":[{"count":0,"href":"https:\/\/indeks.bilten.mk\/index.php?rest_route=\/wp\/v2\/posts\/16144\/revisions"}],"wp:featuredmedia":[{"embeddable":true,"href":"https:\/\/indeks.bilten.mk\/index.php?rest_route=\/wp\/v2\/media\/16145"}],"wp:attachment":[{"href":"https:\/\/indeks.bilten.mk\/index.php?rest_route=%2Fwp%2Fv2%2Fmedia&parent=16144"}],"wp:term":[{"taxonomy":"category","embeddable":true,"href":"https:\/\/indeks.bilten.mk\/index.php?rest_route=%2Fwp%2Fv2%2Fcategories&post=16144"},{"taxonomy":"post_tag","embeddable":true,"href":"https:\/\/indeks.bilten.mk\/index.php?rest_route=%2Fwp%2Fv2%2Ftags&post=16144"}],"curies":[{"name":"wp","href":"https:\/\/api.w.org\/{rel}","templated":true}]}}