{"id":16147,"date":"2023-09-11T14:58:59","date_gmt":"2023-09-11T12:58:59","guid":{"rendered":"https:\/\/indeks.mk\/?p=16147"},"modified":"2023-09-11T14:58:59","modified_gmt":"2023-09-11T12:58:59","slug":"poni-flet-per-nderhyrjet-estetike-ne-fytyre-ka-nje-mesazh-per-gjitha-vajzat-e-reja","status":"publish","type":"post","link":"https:\/\/indeks.bilten.mk\/?p=16147","title":{"rendered":"Poni flet p\u00ebr nd\u00ebrhyrjet estetike n\u00eb fytyr\u00eb, ka nj\u00eb mesazh p\u00ebr gjitha vajzat e reja"},"content":{"rendered":"<p>N\u00eb raste t\u00eb shpeshta, t\u00eb gjitha vajzat kan\u00eb momentet kur ndihen t\u00eb pasigurita n\u00eb pamjen fizike dhe d\u00ebshirat p\u00ebr t\u00eb b\u00ebr\u00eb ndryshime n\u00eb pamjen ton\u00eb mund t\u00eb na \u00e7oj\u00eb padashje n\u00eb zgjedhje t\u00eb gabuara.<\/p>\n<p>P\u00ebr k\u00ebt\u00eb arsye, Poni ka ndar\u00eb nj\u00eb postim n\u00eb Instagram, n\u00eb t\u00eb cilin ndau nj\u00eb mesazh p\u00ebr t\u00eb gjitha ato vajza q\u00eb ndihen t\u00eb pasigurta n\u00eb m\u00ebnyr\u00ebn sesi duken.<\/p>\n<p>Duke postuar nj\u00eb foto nga mbr\u00ebmja e saj e matur\u00ebs, ajo shkroi se i vetmi ndryshim nga sot n\u00eb fytyr\u00ebn e saj jan\u00eb buz\u00ebt dhe vetullat, p\u00ebr t\u00eb cilat thot\u00eb se \u00ebsht\u00eb penduar dhe se ky\u00a0status t\u00eb sh\u00ebrbej p\u00ebr gjith\u00eb vajzat e reja, t\u00eb cilat duhet t\u00eb mendojn\u00eb shum\u00eb mir\u00eb ndryshimet n\u00eb fytyr\u00eb dhe t\u00eb jen\u00eb t\u00eb sigurta kur duan t\u00eb b\u00ebjn\u00eb nj\u00eb ndryshim n\u00eb pamjen e tyre.<\/p>\n<p>Shihni postimin e saj t\u00eb plot\u00eb m\u00eb posht\u00eb. \/Prive.al<\/p>\n<p><iframe id=\"instagram-embed-0\" class=\"instagram-media instagram-media-rendered\" src=\"https:\/\/www.instagram.com\/p\/CxC9TIZN2Sy\/embed\/captioned\/?cr=1&amp;v=14&amp;wp=540&amp;rd=https%3A%2F%2Fprive.al&amp;rp=%2Fponi-flet-per-nderhyrjet-ne-fytyre-dhe-ka-nje-mesazh-per-gjitha-vajzat-e-reja%2F#%7B%22ci%22%3A0%2C%22os%22%3A957%2C%22ls%22%3A103%2C%22le%22%3A603%7D\" height=\"1113\" frameborder=\"0\" scrolling=\"no\" allowfullscreen=\"allowfullscreen\" data-instgrm-payload-id=\"instagram-media-payload-0\" data-mce-fragment=\"1\"><\/iframe><\/p>\n","protected":false},"excerpt":{"rendered":"<p>N\u00eb raste t\u00eb shpeshta, t\u00eb gjitha vajzat kan\u00eb momentet kur ndihen t\u00eb pasigurita n\u00eb pamjen fizike dhe d\u00ebshirat p\u00ebr t\u00eb b\u00ebr\u00eb ndryshime n\u00eb pamjen ton\u00eb<\/p>\n","protected":false},"author":14,"featured_media":16148,"comment_status":"open","ping_status":"open","sticky":false,"template":"","format":"standard","meta":{"footnotes":""},"categories":[49],"tags":[],"class_list":["post-16147","post","type-post","status-publish","format-standard","has-post-thumbnail","hentry","category-showbiz"],"_links":{"self":[{"href":"https:\/\/indeks.bilten.mk\/index.php?rest_route=\/wp\/v2\/posts\/16147","targetHints":{"allow":["GET"]}}],"collection":[{"href":"https:\/\/indeks.bilten.mk\/index.php?rest_route=\/wp\/v2\/posts"}],"about":[{"href":"https:\/\/indeks.bilten.mk\/index.php?rest_route=\/wp\/v2\/types\/post"}],"author":[{"embeddable":true,"href":"https:\/\/indeks.bilten.mk\/index.php?rest_route=\/wp\/v2\/users\/14"}],"replies":[{"embeddable":true,"href":"https:\/\/indeks.bilten.mk\/index.php?rest_route=%2Fwp%2Fv2%2Fcomments&post=16147"}],"version-history":[{"count":0,"href":"https:\/\/indeks.bilten.mk\/index.php?rest_route=\/wp\/v2\/posts\/16147\/revisions"}],"wp:featuredmedia":[{"embeddable":true,"href":"https:\/\/indeks.bilten.mk\/index.php?rest_route=\/wp\/v2\/media\/16148"}],"wp:attachment":[{"href":"https:\/\/indeks.bilten.mk\/index.php?rest_route=%2Fwp%2Fv2%2Fmedia&parent=16147"}],"wp:term":[{"taxonomy":"category","embeddable":true,"href":"https:\/\/indeks.bilten.mk\/index.php?rest_route=%2Fwp%2Fv2%2Fcategories&post=16147"},{"taxonomy":"post_tag","embeddable":true,"href":"https:\/\/indeks.bilten.mk\/index.php?rest_route=%2Fwp%2Fv2%2Ftags&post=16147"}],"curies":[{"name":"wp","href":"https:\/\/api.w.org\/{rel}","templated":true}]}}