{"id":16150,"date":"2023-09-11T15:08:25","date_gmt":"2023-09-11T13:08:25","guid":{"rendered":"https:\/\/indeks.mk\/?p=16150"},"modified":"2023-09-11T15:08:25","modified_gmt":"2023-09-11T13:08:25","slug":"fero-po-mendon-te-marre-edhe-nje-grua-tjeter-publikon-fotografi-me-thenje-islame","status":"publish","type":"post","link":"https:\/\/indeks.bilten.mk\/?p=16150","title":{"rendered":"Fero po mendon t\u00eb marr\u00eb edhe nj\u00eb grua tjet\u00ebr, publikon fotografi me th\u00ebnje islame&#8230;"},"content":{"rendered":"<p>Platformat n\u00eb rrjete sociale t\u00eb Feros q\u00eb prej kur e hapi nj\u00eb kapitull t\u00eb ri duke iu p\u00ebrkushtuar fes\u00eb kan\u00eb postime vet\u00ebm n\u00eb lidhje me religjionin.<\/p>\n<p>Me \u00e7do dit\u00eb q\u00eb kalon, ish-reperi shfaqet \u00e7do her\u00eb e m\u00eb i p\u00ebrkushtuar duke ndar\u00eb citate t\u00eb librave t\u00eb fes\u00eb islame.<\/p>\n<p>Por, s\u00eb fundmi ai ka habitur jo pak.<\/p>\n<p>Fero n\u00eb m\u00ebngjes ka publikuar nj\u00eb fotografi t\u00eb nj\u00eb shprehje nga dijetari i ndjer\u00eb musliman me origjin\u00eb shqiptare, Shaykh Al Albani q\u00eb thot\u00eb:<\/p>\n<blockquote><p>\u201cNuk \u00ebsht\u00eb e lejuar p\u00ebr nj\u00eb grua q\u00eb t\u2019ia pamund\u00ebsoj\u00eb burrit t\u00eb saj marrjen e nj\u00eb gruaje t\u00eb dyt\u00eb\u201d.<\/p><\/blockquote>\n<p>Kjo ka ngjallur dyshime n\u00ebse Fero po e mendon nj\u00eb gj\u00eb t\u00eb till\u00eb, pas pajtimit me Arbenit\u00ebn. \/Prive.al<\/p>\n<p><img loading=\"lazy\" decoding=\"async\" class=\"alignnone size-full wp-image-186833\" src=\"https:\/\/prive.al\/wp-content\/uploads\/2023\/09\/Snapinsta.app_376283893_983386149440495_3355092381354356470_n_1284.jpg\" sizes=\"auto, (max-width: 1284px) 100vw, 1284px\" srcset=\"https:\/\/prive.al\/wp-content\/uploads\/2023\/09\/Snapinsta.app_376283893_983386149440495_3355092381354356470_n_1284.jpg 1284w, https:\/\/prive.al\/wp-content\/uploads\/2023\/09\/Snapinsta.app_376283893_983386149440495_3355092381354356470_n_1284-768x1365.jpg 768w\" alt=\"\" width=\"1284\" height=\"2282\" \/><\/p>\n","protected":false},"excerpt":{"rendered":"<p>Platformat n\u00eb rrjete sociale t\u00eb Feros q\u00eb prej kur e hapi nj\u00eb kapitull t\u00eb ri duke iu p\u00ebrkushtuar fes\u00eb kan\u00eb postime vet\u00ebm n\u00eb lidhje me<\/p>\n","protected":false},"author":14,"featured_media":0,"comment_status":"open","ping_status":"open","sticky":false,"template":"","format":"standard","meta":{"footnotes":""},"categories":[49],"tags":[],"class_list":["post-16150","post","type-post","status-publish","format-standard","hentry","category-showbiz"],"_links":{"self":[{"href":"https:\/\/indeks.bilten.mk\/index.php?rest_route=\/wp\/v2\/posts\/16150","targetHints":{"allow":["GET"]}}],"collection":[{"href":"https:\/\/indeks.bilten.mk\/index.php?rest_route=\/wp\/v2\/posts"}],"about":[{"href":"https:\/\/indeks.bilten.mk\/index.php?rest_route=\/wp\/v2\/types\/post"}],"author":[{"embeddable":true,"href":"https:\/\/indeks.bilten.mk\/index.php?rest_route=\/wp\/v2\/users\/14"}],"replies":[{"embeddable":true,"href":"https:\/\/indeks.bilten.mk\/index.php?rest_route=%2Fwp%2Fv2%2Fcomments&post=16150"}],"version-history":[{"count":0,"href":"https:\/\/indeks.bilten.mk\/index.php?rest_route=\/wp\/v2\/posts\/16150\/revisions"}],"wp:attachment":[{"href":"https:\/\/indeks.bilten.mk\/index.php?rest_route=%2Fwp%2Fv2%2Fmedia&parent=16150"}],"wp:term":[{"taxonomy":"category","embeddable":true,"href":"https:\/\/indeks.bilten.mk\/index.php?rest_route=%2Fwp%2Fv2%2Fcategories&post=16150"},{"taxonomy":"post_tag","embeddable":true,"href":"https:\/\/indeks.bilten.mk\/index.php?rest_route=%2Fwp%2Fv2%2Ftags&post=16150"}],"curies":[{"name":"wp","href":"https:\/\/api.w.org\/{rel}","templated":true}]}}