{"id":16152,"date":"2023-09-11T15:13:04","date_gmt":"2023-09-11T13:13:04","guid":{"rendered":"https:\/\/indeks.mk\/?p=16152"},"modified":"2023-09-11T15:13:04","modified_gmt":"2023-09-11T13:13:04","slug":"mos-e-teproni-me-vitamina-gjendja-juaj-shendetesore-mund-te-komplikohet-seriozisht","status":"publish","type":"post","link":"https:\/\/indeks.bilten.mk\/?p=16152","title":{"rendered":"Mos e teproni me vitamina: Gjendja juaj sh\u00ebndet\u00ebsore mund t\u00eb komplikohet seriozisht"},"content":{"rendered":"<p><strong>N\u00eb bot\u00ebn e sotme, nd\u00ebrgjegj\u00ebsimi p\u00ebr ushqimin e sh\u00ebndetsh\u00ebm dhe marrjen e vitaminave \u00ebsht\u00eb b\u00ebr\u00eb shum\u00eb i r\u00ebnd\u00ebsish\u00ebm, por asnj\u00ebher\u00eb nuk e dim\u00eb se kur po e teprojm\u00eb.<\/strong><\/p>\n<p>Nj\u00eb rast i nj\u00eb pacienti me shenja dhe simptoma t\u00eb r\u00ebnda sh\u00ebndet\u00ebsore q\u00eb p\u00ebrfshinte t\u00eb vjella, t\u00eb p\u00ebrziera, dhimbje barku, ng\u00ebr\u00e7e n\u00eb k\u00ebmb\u00eb, tring\u00ebllim\u00eb n\u00eb vesh\u00eb, goj\u00eb t\u00eb that\u00eb, etje t\u00eb shtuar, diarre dhe humbje t\u00eb papritur t\u00eb pesh\u00ebs \u2013 tregoi se ishte pasoj\u00eb e marrjes s\u00eb tepruar t\u00eb vitamin\u00ebs D p\u00ebrmes suplementeve.<\/p>\n<div class=\"related-to-article\">\n<div class=\"related-article-i\">\n<div class=\"clearfix\">\u00cbsht\u00eb e r\u00ebnd\u00ebsishme t\u00eb theksohet se megjith\u00ebse helmimi me k\u00ebt\u00eb vitamin\u00eb \u00ebsht\u00eb i rrall\u00eb, ai mund t\u00eb jet\u00eb pasoj\u00eb e p\u00ebrdorimit t\u00eb tepruar t\u00eb suplementeve t\u00eb saj D.<\/div>\n<\/div>\n<\/div>\n<p>Drita e diellit \u00ebsht\u00eb nj\u00eb burim natyral i vitamin\u00ebs D, por marrja p\u00ebrmes suplementeve mund t\u00eb shkaktoj\u00eb toksicitet, i cili nuk ndodh natyrsh\u00ebm p\u00ebrmes ekspozimit n\u00eb diell.<\/p>\n<div class=\"ai-viewport-1\" data-insertion-position=\"prepend\" data-selector=\".ai-insert-1-74027519\" data-insertion-no-dbg=\"\" data-code=\"PGRpdiBjbGFzcz0nY29kZS1ibG9jayBjb2RlLWJsb2NrLTEgY29kZS1ibG9jay1pbmFydGljbGUtZGVza3RvcCcgc3R5bGU9J21hcmdpbjogOHB4IGF1dG87IHRleHQtYWxpZ246IGNlbnRlcjsgZGlzcGxheTogYmxvY2s7IGNsZWFyOiBib3RoOyB3aWR0aDogMzAwcHg7IGhlaWdodDogNDIwcHg7IGJhY2tncm91bmQtY29sb3I6ICNmZmZmZmY7Jz4KPGRpdiBzdHlsZT0icG9zaXRpb246IHN0aWNreTsgdG9wOiAxNXB4OyI+CjxkaXYgY2xhc3M9ImNvZGUtYmxvY2stbGFiZWwiPlJla2xhbWE8L2Rpdj4KPGRpdiBkYXRhLWFkLXVuaXQtaWQ9Ii8yMjY0NjY1NzExOC9Jbi1hcnRpY2xlX2JveF8yIj48L2Rpdj4KPC9kaXY+CjxkaXYgc3R5bGU9IiBoZWlnaHQ6IDM5MHB4OyI+PC9kaXY+CjwvZGl2Pgo=\" data-block=\"1\">\n<div class=\"code-block code-block-1 code-block-inarticle-desktop\">\n<div>\n<div id=\"ad-id-\/22646657118\/in-article_box_2-7483077969060499\" data-ad-unit-id=\"\/22646657118\/In-article_box_2\" data-google-query-id=\"CJS-o5HRooEDFXWC_QcdZPAG9w\">\n<div id=\"google_ads_iframe_\/22646657118\/in-article_box_2_0__container__\">Nj\u00ebher\u00ebsh, intoksikimi afatgjat\u00eb me vitamin\u00eb D mund t\u00eb rezultoj\u00eb n\u00eb nivele t\u00eb larta t\u00eb kalciumit n\u00eb gjak q\u00eb mund t\u00eb shkaktojn\u00eb d\u00ebmtime serioze t\u00eb indeve dhe en\u00ebve t\u00eb gjakut. \/<em><strong>Telegrafi<\/strong><\/em>\/<\/div>\n<\/div>\n<\/div>\n<\/div>\n<\/div>\n<div class=\"code-block code-block-46 code-block-instream-fundposti\"><\/div>\n","protected":false},"excerpt":{"rendered":"<p>N\u00eb bot\u00ebn e sotme, nd\u00ebrgjegj\u00ebsimi p\u00ebr ushqimin e sh\u00ebndetsh\u00ebm dhe marrjen e vitaminave \u00ebsht\u00eb b\u00ebr\u00eb shum\u00eb i r\u00ebnd\u00ebsish\u00ebm, por asnj\u00ebher\u00eb nuk e dim\u00eb se kur<\/p>\n","protected":false},"author":14,"featured_media":0,"comment_status":"open","ping_status":"open","sticky":false,"template":"","format":"standard","meta":{"footnotes":""},"categories":[50],"tags":[],"class_list":["post-16152","post","type-post","status-publish","format-standard","hentry","category-kuriozitete"],"_links":{"self":[{"href":"https:\/\/indeks.bilten.mk\/index.php?rest_route=\/wp\/v2\/posts\/16152","targetHints":{"allow":["GET"]}}],"collection":[{"href":"https:\/\/indeks.bilten.mk\/index.php?rest_route=\/wp\/v2\/posts"}],"about":[{"href":"https:\/\/indeks.bilten.mk\/index.php?rest_route=\/wp\/v2\/types\/post"}],"author":[{"embeddable":true,"href":"https:\/\/indeks.bilten.mk\/index.php?rest_route=\/wp\/v2\/users\/14"}],"replies":[{"embeddable":true,"href":"https:\/\/indeks.bilten.mk\/index.php?rest_route=%2Fwp%2Fv2%2Fcomments&post=16152"}],"version-history":[{"count":0,"href":"https:\/\/indeks.bilten.mk\/index.php?rest_route=\/wp\/v2\/posts\/16152\/revisions"}],"wp:attachment":[{"href":"https:\/\/indeks.bilten.mk\/index.php?rest_route=%2Fwp%2Fv2%2Fmedia&parent=16152"}],"wp:term":[{"taxonomy":"category","embeddable":true,"href":"https:\/\/indeks.bilten.mk\/index.php?rest_route=%2Fwp%2Fv2%2Fcategories&post=16152"},{"taxonomy":"post_tag","embeddable":true,"href":"https:\/\/indeks.bilten.mk\/index.php?rest_route=%2Fwp%2Fv2%2Ftags&post=16152"}],"curies":[{"name":"wp","href":"https:\/\/api.w.org\/{rel}","templated":true}]}}