{"id":16158,"date":"2023-09-11T18:07:06","date_gmt":"2023-09-11T16:07:06","guid":{"rendered":"https:\/\/indeks.mk\/?p=16158"},"modified":"2023-09-11T18:07:06","modified_gmt":"2023-09-11T16:07:06","slug":"neser-nisin-punimet-per-ndertimin-e-korridorit-8","status":"publish","type":"post","link":"https:\/\/indeks.bilten.mk\/?p=16158","title":{"rendered":"Nes\u00ebr nisin punimet p\u00ebr nd\u00ebrtimin e Korridorit 8"},"content":{"rendered":"<p><strong>Nes\u00ebr kompania \u201cBechtel&amp;Enka\u201d do t\u00eb nis pun\u00ebt p\u00ebr nd\u00ebrtimin e Korridorit 8.<\/strong><\/p>\n<p>Pun\u00ebt do t\u00eb nisin me minimin e nj\u00eb pjese t\u00eb malit mbi fshatin Debresh.<\/p>\n<p>K\u00ebt\u00eb e b\u00ebri t\u00eb ditur gjat\u00eb jav\u00ebs s\u00eb kaluar edhe zv\/kryeministri Artan Grubi. Pun\u00ebt nisin me nd\u00ebrtimin e aksit m\u00eb t\u00eb komplikuar, respektivisht aksit Gostivar-Bujko\u00e7an.<\/p>\n<p>\u201cMe dat\u00ebn 12 nisin aktivitetet nd\u00ebrtimore mbi fshatin Debresh dhe deri m\u00eb tani \u00e7do gj\u00eb po shkon n\u00eb form\u00eb t\u00eb shk\u00eblqyer nga konsorciumi \u201cBechtel dhe Enka\u201d dhe t\u00eb gjitha kompanit\u00eb e angazhuara. Punime nd\u00ebrtimore tashm\u00eb po kryhen gjithandej, do t\u00eb kryhen edhe n\u00eb Korridorin 8, duke minuar mbi fshat\u201d, tha Grubi.<\/p>\n<blockquote><p>&nbsp;<\/p><\/blockquote>\n","protected":false},"excerpt":{"rendered":"<p>Nes\u00ebr kompania \u201cBechtel&amp;Enka\u201d do t\u00eb nis pun\u00ebt p\u00ebr nd\u00ebrtimin e Korridorit 8. Pun\u00ebt do t\u00eb nisin me minimin e nj\u00eb pjese t\u00eb malit mbi fshatin<\/p>\n","protected":false},"author":14,"featured_media":0,"comment_status":"open","ping_status":"open","sticky":false,"template":"","format":"standard","meta":{"footnotes":""},"categories":[44],"tags":[],"class_list":["post-16158","post","type-post","status-publish","format-standard","hentry","category-maqedoni"],"_links":{"self":[{"href":"https:\/\/indeks.bilten.mk\/index.php?rest_route=\/wp\/v2\/posts\/16158","targetHints":{"allow":["GET"]}}],"collection":[{"href":"https:\/\/indeks.bilten.mk\/index.php?rest_route=\/wp\/v2\/posts"}],"about":[{"href":"https:\/\/indeks.bilten.mk\/index.php?rest_route=\/wp\/v2\/types\/post"}],"author":[{"embeddable":true,"href":"https:\/\/indeks.bilten.mk\/index.php?rest_route=\/wp\/v2\/users\/14"}],"replies":[{"embeddable":true,"href":"https:\/\/indeks.bilten.mk\/index.php?rest_route=%2Fwp%2Fv2%2Fcomments&post=16158"}],"version-history":[{"count":0,"href":"https:\/\/indeks.bilten.mk\/index.php?rest_route=\/wp\/v2\/posts\/16158\/revisions"}],"wp:attachment":[{"href":"https:\/\/indeks.bilten.mk\/index.php?rest_route=%2Fwp%2Fv2%2Fmedia&parent=16158"}],"wp:term":[{"taxonomy":"category","embeddable":true,"href":"https:\/\/indeks.bilten.mk\/index.php?rest_route=%2Fwp%2Fv2%2Fcategories&post=16158"},{"taxonomy":"post_tag","embeddable":true,"href":"https:\/\/indeks.bilten.mk\/index.php?rest_route=%2Fwp%2Fv2%2Ftags&post=16158"}],"curies":[{"name":"wp","href":"https:\/\/api.w.org\/{rel}","templated":true}]}}