{"id":16160,"date":"2023-09-11T19:23:48","date_gmt":"2023-09-11T17:23:48","guid":{"rendered":"https:\/\/indeks.mk\/?p=16160"},"modified":"2023-09-11T19:23:48","modified_gmt":"2023-09-11T17:23:48","slug":"ahmeti-takoi-presidentin-begaj-e-ardhmja-e-shkupit-dhe-tiranes-eshte-ne-be","status":"publish","type":"post","link":"https:\/\/indeks.bilten.mk\/?p=16160","title":{"rendered":"Ahmeti takoi Presidentin Begaj: E ardhmja e Shkupit dhe Tiran\u00ebs \u00ebsht\u00eb n\u00eb BE"},"content":{"rendered":"<p>Kryetari i Bashkimit Demokratik p\u00ebr Integrim, z. Ali Ahmeti sot n\u00eb Shkup ka takuar Presidentin e Republik\u00ebs s\u00eb Shqip\u00ebris\u00eb, z. Bajram Begaj i cili po q\u00ebndron n\u00eb Shkup n\u00eb kuad\u00ebr t\u00eb Procesit \u201cB\u00ebrdo-Brioni\u201d.<\/p>\n<p>Marr\u00ebdh\u00ebniet bilaterale, integrimi europian, mb\u00ebshtetja e nd\u00ebrsjell\u00eb si dhe procesi i ndryshimeve kushtetuese ishin pjes\u00eb e bised\u00ebs n\u00eb takimin mes Ahmetit dhe Begajt.<\/p>\n<p>Bashk\u00ebpunimi mes dy vendeve \u00ebsht\u00eb cil\u00ebsuar n\u00eb nivel t\u00eb lart\u00eb n\u00eb t\u00eb gjitha sferat, pa asnj\u00eb \u00e7\u00ebshtje t\u00eb hapur.<\/p>\n<p>Republika e Maqedonis\u00eb s\u00eb Veriut dhe Republika e Shqip\u00ebris\u00eb tashm\u00eb po realizojn\u00eb shum\u00eb projekte bashk\u00eb, p\u00ebrfshir\u00eb ato n\u00eb sfer\u00ebn ekonomike dhe infrastrukturore si porti i That\u00eb n\u00eb Strug\u00eb, kontrolloi p\u00ebrbashk\u00ebt kufitar, hekurudha q\u00eb do t\u00eb lidh\u00eb dy vendet si dhe Korridori i 8-t\u00eb.<\/p>\n<figure class=\"wp-block-image size-large\"><img loading=\"lazy\" decoding=\"async\" class=\"wp-image-12646\" src=\"https:\/\/i0.wp.com\/bdi.mk\/wp-content\/uploads\/2023\/09\/Ahmeti-Begaj-1.jpeg?resize=1024%2C647&amp;ssl=1\" sizes=\"auto, (max-width: 1024px) 100vw, 1024px\" srcset=\"https:\/\/i0.wp.com\/bdi.mk\/wp-content\/uploads\/2023\/09\/Ahmeti-Begaj-1.jpeg?resize=1024%2C647&amp;ssl=1 1024w, https:\/\/i0.wp.com\/bdi.mk\/wp-content\/uploads\/2023\/09\/Ahmeti-Begaj-1.jpeg?resize=300%2C190&amp;ssl=1 300w, https:\/\/i0.wp.com\/bdi.mk\/wp-content\/uploads\/2023\/09\/Ahmeti-Begaj-1.jpeg?resize=768%2C485&amp;ssl=1 768w, https:\/\/i0.wp.com\/bdi.mk\/wp-content\/uploads\/2023\/09\/Ahmeti-Begaj-1.jpeg?resize=1536%2C971&amp;ssl=1 1536w, https:\/\/i0.wp.com\/bdi.mk\/wp-content\/uploads\/2023\/09\/Ahmeti-Begaj-1.jpeg?resize=360%2C227&amp;ssl=1 360w, https:\/\/i0.wp.com\/bdi.mk\/wp-content\/uploads\/2023\/09\/Ahmeti-Begaj-1.jpeg?w=2048&amp;ssl=1 2048w\" alt=\"\" width=\"850\" height=\"537\" \/><\/figure>\n<p>Rruga e integrimit europian q\u00eb po e ec\u00ebn Shkupi me Tiran\u00ebn \u00ebsht\u00eb vler\u00ebsuar me r\u00ebnd\u00ebsi t\u00eb ve\u00e7ant\u00eb.<\/p>\n<p>Dy vendet tona kan\u00eb nisur bisedimet p\u00ebr an\u00ebtar\u00ebsim n\u00eb Bashkimin Europian, nd\u00ebrsa mb\u00ebshtetja e nd\u00ebrsjell\u00eb \u00ebsht\u00eb m\u00eb se e domosdoshme n\u00eb k\u00ebt\u00eb proces ky\u00e7.Procesi i ndryshimeve kushtetuese gjithashtu ka qen\u00eb pjes\u00eb e bised\u00ebs n\u00eb k\u00ebt\u00eb takim, ku kryetari Ahmeti e ka informuar presidentin Begaj p\u00ebr gjith\u00eb ecurin\u00eb dhe iniciativat deri m\u00eb tani p\u00ebrfshir\u00eb edhe formimin e frontit europian.<\/p>\n","protected":false},"excerpt":{"rendered":"<p>Kryetari i Bashkimit Demokratik p\u00ebr Integrim, z. Ali Ahmeti sot n\u00eb Shkup ka takuar Presidentin e Republik\u00ebs s\u00eb Shqip\u00ebris\u00eb, z. Bajram Begaj i cili po<\/p>\n","protected":false},"author":14,"featured_media":16161,"comment_status":"open","ping_status":"open","sticky":false,"template":"","format":"standard","meta":{"footnotes":""},"categories":[44],"tags":[],"class_list":["post-16160","post","type-post","status-publish","format-standard","has-post-thumbnail","hentry","category-maqedoni"],"_links":{"self":[{"href":"https:\/\/indeks.bilten.mk\/index.php?rest_route=\/wp\/v2\/posts\/16160","targetHints":{"allow":["GET"]}}],"collection":[{"href":"https:\/\/indeks.bilten.mk\/index.php?rest_route=\/wp\/v2\/posts"}],"about":[{"href":"https:\/\/indeks.bilten.mk\/index.php?rest_route=\/wp\/v2\/types\/post"}],"author":[{"embeddable":true,"href":"https:\/\/indeks.bilten.mk\/index.php?rest_route=\/wp\/v2\/users\/14"}],"replies":[{"embeddable":true,"href":"https:\/\/indeks.bilten.mk\/index.php?rest_route=%2Fwp%2Fv2%2Fcomments&post=16160"}],"version-history":[{"count":0,"href":"https:\/\/indeks.bilten.mk\/index.php?rest_route=\/wp\/v2\/posts\/16160\/revisions"}],"wp:featuredmedia":[{"embeddable":true,"href":"https:\/\/indeks.bilten.mk\/index.php?rest_route=\/wp\/v2\/media\/16161"}],"wp:attachment":[{"href":"https:\/\/indeks.bilten.mk\/index.php?rest_route=%2Fwp%2Fv2%2Fmedia&parent=16160"}],"wp:term":[{"taxonomy":"category","embeddable":true,"href":"https:\/\/indeks.bilten.mk\/index.php?rest_route=%2Fwp%2Fv2%2Fcategories&post=16160"},{"taxonomy":"post_tag","embeddable":true,"href":"https:\/\/indeks.bilten.mk\/index.php?rest_route=%2Fwp%2Fv2%2Ftags&post=16160"}],"curies":[{"name":"wp","href":"https:\/\/api.w.org\/{rel}","templated":true}]}}