{"id":16163,"date":"2023-09-11T19:53:37","date_gmt":"2023-09-11T17:53:37","guid":{"rendered":"https:\/\/indeks.mk\/?p=16163"},"modified":"2023-09-11T19:53:37","modified_gmt":"2023-09-11T17:53:37","slug":"22-vjet-nga-sulmi-terrorist-ndaj-shba-ve-grubi-kujtim-i-trishte-mirepo-sot-jemi-me-unik-dhe-te-bashkuar-kunder-se-keqes","status":"publish","type":"post","link":"https:\/\/indeks.bilten.mk\/?p=16163","title":{"rendered":"22 vjet nga sulmi terrorist ndaj SHBA-ve, Grubi: Kujtim i trisht\u00eb, mir\u00ebpo sot jemi m\u00eb unik dhe t\u00eb bashkuar kund\u00ebr s\u00eb keqes"},"content":{"rendered":"<p>Z\u00ebvend\u00ebskryeministri i par\u00eb, Artan Grubi p\u00ebrmes nj\u00eb statusi n\u00eb rrjetin social Facebook ka p\u00ebrkujtuar ngjarjen tragjike t\u00eb 11 shtatorit n\u00eb SHBA.<\/p>\n<p>Grubi shkruan se sulmi terrorist ndaj SHBA-ve kthen n\u00eb kujtes\u00eb pamjet tragjke t\u00eb rastit, mir\u00ebpo sot pas 22 vitesh bota \u00ebsht\u00eb m\u00eb unike dhe m\u00eb e bashkuar kund\u00ebr s\u00eb keqes.<\/p>\n<p>Statusi i plot\u00eb:<\/p>\n<p>N\u00eb syt\u00eb e mbar\u00eb bot\u00ebs jan\u00eb akoma t\u00eb fresk\u00ebta pamjet tragjike t\u00eb 11 shtatorit t\u00eb vitit 2001, plag\u00ebt e m\u00ebdha q\u00eb shkaktoi sulmi terrorist ndaj Selis\u00eb s\u00eb Organizat\u00ebs Bot\u00ebrore Tregtare n\u00eb Shtetet e Bashkuara t\u00eb Amerik\u00ebs.<\/p>\n<p>Rreth 3000 viktima q\u00ebndrojn\u00eb n\u00eb nd\u00ebrgjegjen e mbar\u00eb njer\u00ebzimit, si p\u00ebrkujtim i dhimbjes dhe si alarm bashkimi kund\u00ebr t\u00eb keqes n\u00eb \u00e7do cep t\u00eb bot\u00ebs.<\/p>\n<p>22 vite m\u00eb von\u00eb jemi m\u00eb unik se kurr\u00eb kund\u00ebr gjith\u00e7kaje q\u00eb k\u00ebrc\u00ebnon t\u00eb drejtat themelore dhe vlerat demokratike.<\/p>\n<p><iframe loading=\"lazy\" src=\"https:\/\/www.facebook.com\/plugins\/post.php?href=https%3A%2F%2Fwww.facebook.com%2FArtanGrubi%2Fposts%2Fpfbid0CXhBbyqLwPCA4zwPjiUVuo2qh7RN7rTzz5Vi4aT4coaMJB5CgPCsFZPBSVkTXULml&#038;show_text=true&#038;width=500\" width=\"500\" height=\"685\" style=\"border:none;overflow:hidden\" scrolling=\"no\" frameborder=\"0\" allowfullscreen=\"true\" allow=\"autoplay; clipboard-write; encrypted-media; picture-in-picture; web-share\"><\/iframe>&nbsp;<\/p>\n","protected":false},"excerpt":{"rendered":"<p>Z\u00ebvend\u00ebskryeministri i par\u00eb, Artan Grubi p\u00ebrmes nj\u00eb statusi n\u00eb rrjetin social Facebook ka p\u00ebrkujtuar ngjarjen tragjike t\u00eb 11 shtatorit n\u00eb SHBA. Grubi shkruan se sulmi<\/p>\n","protected":false},"author":14,"featured_media":16164,"comment_status":"open","ping_status":"open","sticky":false,"template":"","format":"standard","meta":{"footnotes":""},"categories":[44],"tags":[],"class_list":["post-16163","post","type-post","status-publish","format-standard","has-post-thumbnail","hentry","category-maqedoni"],"_links":{"self":[{"href":"https:\/\/indeks.bilten.mk\/index.php?rest_route=\/wp\/v2\/posts\/16163","targetHints":{"allow":["GET"]}}],"collection":[{"href":"https:\/\/indeks.bilten.mk\/index.php?rest_route=\/wp\/v2\/posts"}],"about":[{"href":"https:\/\/indeks.bilten.mk\/index.php?rest_route=\/wp\/v2\/types\/post"}],"author":[{"embeddable":true,"href":"https:\/\/indeks.bilten.mk\/index.php?rest_route=\/wp\/v2\/users\/14"}],"replies":[{"embeddable":true,"href":"https:\/\/indeks.bilten.mk\/index.php?rest_route=%2Fwp%2Fv2%2Fcomments&post=16163"}],"version-history":[{"count":0,"href":"https:\/\/indeks.bilten.mk\/index.php?rest_route=\/wp\/v2\/posts\/16163\/revisions"}],"wp:featuredmedia":[{"embeddable":true,"href":"https:\/\/indeks.bilten.mk\/index.php?rest_route=\/wp\/v2\/media\/16164"}],"wp:attachment":[{"href":"https:\/\/indeks.bilten.mk\/index.php?rest_route=%2Fwp%2Fv2%2Fmedia&parent=16163"}],"wp:term":[{"taxonomy":"category","embeddable":true,"href":"https:\/\/indeks.bilten.mk\/index.php?rest_route=%2Fwp%2Fv2%2Fcategories&post=16163"},{"taxonomy":"post_tag","embeddable":true,"href":"https:\/\/indeks.bilten.mk\/index.php?rest_route=%2Fwp%2Fv2%2Ftags&post=16163"}],"curies":[{"name":"wp","href":"https:\/\/api.w.org\/{rel}","templated":true}]}}