{"id":16167,"date":"2023-09-11T20:39:40","date_gmt":"2023-09-11T18:39:40","guid":{"rendered":"https:\/\/indeks.mk\/?p=16167"},"modified":"2023-09-11T20:40:06","modified_gmt":"2023-09-11T18:40:06","slug":"grubi-me-ndryshimet-ne-kodin-penal-zgjerohet-hapesira-per-sekuestrim-te-pasurise-se-paligjshme","status":"publish","type":"post","link":"https:\/\/indeks.bilten.mk\/?p=16167","title":{"rendered":"Grubi: Me ndryshimet n\u00eb Kodin Penal zgjerohet hap\u00ebsira p\u00ebr sekuestrim t\u00eb pasuris\u00eb s\u00eb paligjshme"},"content":{"rendered":"<p>Z\u00ebvend\u00ebskryeministri i par\u00eb, Artan Grubi i ftuar n\u00eb emisionin \u201cKlan Debat\u201d n\u00eb Klan Macedonia, tha se me Kodin Penal zgjerohet hap\u00ebsira p\u00ebr sekuestrim t\u00eb pasuris\u00eb s\u00eb paligjshme. <\/p>\n<p>\u201cPropozim ligji p\u00ebr Ndryshimin e Kodit Penal erdhi me flamur europian, isha dhe un\u00eb present nd\u00ebrsa u udh\u00ebhoq nga kryeministri. Me Kodin Penal b\u00ebhet zgjerim m\u00eb i madh i hap\u00ebsir\u00ebs p\u00ebr sekuestrim t\u00eb pasuris\u00eb s\u00eb paligjshme, q\u00eb \u00ebsht\u00eb fituar p\u00ebrmes korrupsionit, \u00ebsht\u00eb n\u00eb p\u00ebrputhje me ligjet europiane dhe nuk ka asgj\u00eb p\u00ebr tu debatuar. M\u00eb shum\u00eb po diskutohet p\u00ebr nenin 353, nen i vendosur dikur p\u00ebr t\u00eb pasur frik\u00ebsime e presione i vendosur nga nj\u00eb ish-minist\u00ebr. M\u00eb mir\u00eb t\u00eb kemi d\u00ebnime m\u00eb t\u00eb vogla dhe efektive, me sekuestrim pasurie, se sa t\u00eb gjata dhe pa asnj\u00eb efekt\u201d, deklaroi Grubi. <\/p>\n","protected":false},"excerpt":{"rendered":"<p>Z\u00ebvend\u00ebskryeministri i par\u00eb, Artan Grubi i ftuar n\u00eb emisionin \u201cKlan Debat\u201d n\u00eb Klan Macedonia, tha se me Kodin Penal zgjerohet hap\u00ebsira p\u00ebr sekuestrim t\u00eb pasuris\u00eb<\/p>\n","protected":false},"author":14,"featured_media":16168,"comment_status":"open","ping_status":"open","sticky":false,"template":"","format":"standard","meta":{"footnotes":""},"categories":[44],"tags":[],"class_list":["post-16167","post","type-post","status-publish","format-standard","has-post-thumbnail","hentry","category-maqedoni"],"_links":{"self":[{"href":"https:\/\/indeks.bilten.mk\/index.php?rest_route=\/wp\/v2\/posts\/16167","targetHints":{"allow":["GET"]}}],"collection":[{"href":"https:\/\/indeks.bilten.mk\/index.php?rest_route=\/wp\/v2\/posts"}],"about":[{"href":"https:\/\/indeks.bilten.mk\/index.php?rest_route=\/wp\/v2\/types\/post"}],"author":[{"embeddable":true,"href":"https:\/\/indeks.bilten.mk\/index.php?rest_route=\/wp\/v2\/users\/14"}],"replies":[{"embeddable":true,"href":"https:\/\/indeks.bilten.mk\/index.php?rest_route=%2Fwp%2Fv2%2Fcomments&post=16167"}],"version-history":[{"count":0,"href":"https:\/\/indeks.bilten.mk\/index.php?rest_route=\/wp\/v2\/posts\/16167\/revisions"}],"wp:featuredmedia":[{"embeddable":true,"href":"https:\/\/indeks.bilten.mk\/index.php?rest_route=\/wp\/v2\/media\/16168"}],"wp:attachment":[{"href":"https:\/\/indeks.bilten.mk\/index.php?rest_route=%2Fwp%2Fv2%2Fmedia&parent=16167"}],"wp:term":[{"taxonomy":"category","embeddable":true,"href":"https:\/\/indeks.bilten.mk\/index.php?rest_route=%2Fwp%2Fv2%2Fcategories&post=16167"},{"taxonomy":"post_tag","embeddable":true,"href":"https:\/\/indeks.bilten.mk\/index.php?rest_route=%2Fwp%2Fv2%2Ftags&post=16167"}],"curies":[{"name":"wp","href":"https:\/\/api.w.org\/{rel}","templated":true}]}}