{"id":16171,"date":"2023-09-11T22:04:17","date_gmt":"2023-09-11T20:04:17","guid":{"rendered":"https:\/\/indeks.mk\/?p=16171"},"modified":"2023-09-11T22:04:17","modified_gmt":"2023-09-11T20:04:17","slug":"grubi-ndryshimet-ne-kodin-penal-nuk-e-amnistojne-askend-nuk-e-kthejne-as-gruevskin-ne-maqedoni","status":"publish","type":"post","link":"https:\/\/indeks.bilten.mk\/?p=16171","title":{"rendered":"Grubi: Ndryshimet n\u00eb Kodin Penal nuk e amnistojn\u00eb askend, nuk e kthejn\u00eb as Gruevskin n\u00eb Maqedoni!"},"content":{"rendered":"<p>Z\u00ebvend\u00ebskryeministri i par\u00eb, Artan Grubi i ftuar n\u00eb emisionin \u201cKlan Debat\u201d n\u00eb Klan Macedonia, u shpreh se ndryshimet n\u00eb Kodin Penal nuk jan\u00eb amnisti  dhe nuk do ta kthejn\u00eb as ish-kryeministrin Nikolla Gruevski n\u00eb Maqedonin\u00eb e Veriut. <\/p>\n<p>\u201cNdryshimet n\u00eb Kodin Penal nuk jan\u00eb amnisti ndaj keqp\u00ebrdoruesve, nuk lirohet asnj\u00eb. Rastet gjyqesore nd\u00ebr vite kan\u00eb marr\u00eb epilog, rasti Sopoti e mori nj\u00eb p\u00ebrfundim. Kemi raste si Alfa apo Monstra q\u00eb jan\u00eb n\u00eb gjykat\u00ebn supreme. P\u00ebr Alfan kemi ekspertiz\u00eb dhe vler\u00ebsim q\u00eb tregon se n\u00eb burg ndodhet nj\u00eb person i pafajshem.Ekspertiza e re do t\u00eb d\u00ebshmoi pafajsin\u00eb e Agimit. Politika nuk guxon t\u00eb p\u00ebrzihet n\u00eb gjyq\u00ebsor. Ndryshimet n\u00eb Kodin Penal nuk b\u00ebhen p\u00ebr tu votuar ndryshimet kushtetuese, nuk kthehet Gruevski edhe pse ndoshta ka d\u00ebshir\u00eb t\u00eb kthehet. Me k\u00ebto ndryshime, Gruevski as n\u00eb \u00ebnd\u00ebrr nuk mund ta sheh kthimin n\u00eb Maqedoni. \u00cbsht\u00eb e pamundur!\u201d, deklaroi Grubi. <\/p>\n","protected":false},"excerpt":{"rendered":"<p>Z\u00ebvend\u00ebskryeministri i par\u00eb, Artan Grubi i ftuar n\u00eb emisionin \u201cKlan Debat\u201d n\u00eb Klan Macedonia, u shpreh se ndryshimet n\u00eb Kodin Penal nuk jan\u00eb amnisti dhe<\/p>\n","protected":false},"author":14,"featured_media":16168,"comment_status":"open","ping_status":"open","sticky":false,"template":"","format":"standard","meta":{"footnotes":""},"categories":[44],"tags":[],"class_list":["post-16171","post","type-post","status-publish","format-standard","has-post-thumbnail","hentry","category-maqedoni"],"_links":{"self":[{"href":"https:\/\/indeks.bilten.mk\/index.php?rest_route=\/wp\/v2\/posts\/16171","targetHints":{"allow":["GET"]}}],"collection":[{"href":"https:\/\/indeks.bilten.mk\/index.php?rest_route=\/wp\/v2\/posts"}],"about":[{"href":"https:\/\/indeks.bilten.mk\/index.php?rest_route=\/wp\/v2\/types\/post"}],"author":[{"embeddable":true,"href":"https:\/\/indeks.bilten.mk\/index.php?rest_route=\/wp\/v2\/users\/14"}],"replies":[{"embeddable":true,"href":"https:\/\/indeks.bilten.mk\/index.php?rest_route=%2Fwp%2Fv2%2Fcomments&post=16171"}],"version-history":[{"count":0,"href":"https:\/\/indeks.bilten.mk\/index.php?rest_route=\/wp\/v2\/posts\/16171\/revisions"}],"wp:featuredmedia":[{"embeddable":true,"href":"https:\/\/indeks.bilten.mk\/index.php?rest_route=\/wp\/v2\/media\/16168"}],"wp:attachment":[{"href":"https:\/\/indeks.bilten.mk\/index.php?rest_route=%2Fwp%2Fv2%2Fmedia&parent=16171"}],"wp:term":[{"taxonomy":"category","embeddable":true,"href":"https:\/\/indeks.bilten.mk\/index.php?rest_route=%2Fwp%2Fv2%2Fcategories&post=16171"},{"taxonomy":"post_tag","embeddable":true,"href":"https:\/\/indeks.bilten.mk\/index.php?rest_route=%2Fwp%2Fv2%2Ftags&post=16171"}],"curies":[{"name":"wp","href":"https:\/\/api.w.org\/{rel}","templated":true}]}}