{"id":16172,"date":"2023-09-11T21:08:38","date_gmt":"2023-09-11T19:08:38","guid":{"rendered":"https:\/\/indeks.mk\/?p=16172"},"modified":"2023-09-11T21:08:38","modified_gmt":"2023-09-11T19:08:38","slug":"grubi-do-ta-padis-maksim-dimitrievskin-une-nuk-merrem-me-me-te-le-te-merren-gjykatat","status":"publish","type":"post","link":"https:\/\/indeks.bilten.mk\/?p=16172","title":{"rendered":"Grubi: Do ta padis Maksim Dimitrievskin! Un\u00eb nuk merrem m\u00eb me t\u00eb, le t\u00eb merren gjykatat!"},"content":{"rendered":"<p>Z\u00ebvend\u00ebskryeministri i par\u00eb, Artan Grubi i ftuar n\u00eb emisionin \u201cKlan Debat\u201d n\u00eb Klan Macedonia tha se do ta padis kryetarin e Komun\u00ebs s\u00eb Kumanov\u00ebs, Maksim Dimitrievski p\u00ebr shpifje. <\/p>\n<p>Grubi tha se, Dimistrievski nuk ka k\u00ebrkuar falje, madje ka ndryshuar disa her\u00eb deklaratat.<\/p>\n<p>\u201cAi po g\u00ebnjen. Kishte 24 ore afat q\u00eb t\u00eb kerkoj falje, ai nuk e respektoj k\u00ebt\u00eb vendim. Tha se kam qen\u00eb n\u00eb Budapest, aludoj n\u00eb shum\u00eb takime e mbledhje q\u00eb realisht nuk kan\u00eb ndodhur kurr\u00eb, sepse un\u00eb asnjeher\u00eb nuk kam qen\u00eb as n\u00eb Budapest as n\u00eb Hungari. Ai do v\u00ebmendje, ai do t\u00eb aktualizohet, mir\u00ebpo un\u00eb nuk do t\u00eb merrem m\u00eb me t\u00eb, le t\u00eb merren gjykatat\u201d, deklaroi Grubi. <\/p>\n","protected":false},"excerpt":{"rendered":"<p>Z\u00ebvend\u00ebskryeministri i par\u00eb, Artan Grubi i ftuar n\u00eb emisionin \u201cKlan Debat\u201d n\u00eb Klan Macedonia tha se do ta padis kryetarin e Komun\u00ebs s\u00eb Kumanov\u00ebs, Maksim<\/p>\n","protected":false},"author":14,"featured_media":16173,"comment_status":"open","ping_status":"open","sticky":false,"template":"","format":"standard","meta":{"footnotes":""},"categories":[44],"tags":[],"class_list":["post-16172","post","type-post","status-publish","format-standard","has-post-thumbnail","hentry","category-maqedoni"],"_links":{"self":[{"href":"https:\/\/indeks.bilten.mk\/index.php?rest_route=\/wp\/v2\/posts\/16172","targetHints":{"allow":["GET"]}}],"collection":[{"href":"https:\/\/indeks.bilten.mk\/index.php?rest_route=\/wp\/v2\/posts"}],"about":[{"href":"https:\/\/indeks.bilten.mk\/index.php?rest_route=\/wp\/v2\/types\/post"}],"author":[{"embeddable":true,"href":"https:\/\/indeks.bilten.mk\/index.php?rest_route=\/wp\/v2\/users\/14"}],"replies":[{"embeddable":true,"href":"https:\/\/indeks.bilten.mk\/index.php?rest_route=%2Fwp%2Fv2%2Fcomments&post=16172"}],"version-history":[{"count":0,"href":"https:\/\/indeks.bilten.mk\/index.php?rest_route=\/wp\/v2\/posts\/16172\/revisions"}],"wp:featuredmedia":[{"embeddable":true,"href":"https:\/\/indeks.bilten.mk\/index.php?rest_route=\/wp\/v2\/media\/16173"}],"wp:attachment":[{"href":"https:\/\/indeks.bilten.mk\/index.php?rest_route=%2Fwp%2Fv2%2Fmedia&parent=16172"}],"wp:term":[{"taxonomy":"category","embeddable":true,"href":"https:\/\/indeks.bilten.mk\/index.php?rest_route=%2Fwp%2Fv2%2Fcategories&post=16172"},{"taxonomy":"post_tag","embeddable":true,"href":"https:\/\/indeks.bilten.mk\/index.php?rest_route=%2Fwp%2Fv2%2Ftags&post=16172"}],"curies":[{"name":"wp","href":"https:\/\/api.w.org\/{rel}","templated":true}]}}