{"id":16175,"date":"2023-09-11T21:27:53","date_gmt":"2023-09-11T19:27:53","guid":{"rendered":"https:\/\/indeks.mk\/?p=16175"},"modified":"2023-09-11T21:27:53","modified_gmt":"2023-09-11T19:27:53","slug":"grubi-disa-oligarkeve-maqedonas-po-ju-pengojne-sukseset-e-shqiptareve","status":"publish","type":"post","link":"https:\/\/indeks.bilten.mk\/?p=16175","title":{"rendered":"Grubi: Disa oligark\u00ebve maqedonas po ju pengojn\u00eb sukseset e shqiptar\u00ebve"},"content":{"rendered":"<p>Z\u00ebvend\u00ebskryeministri i par\u00eb, Artan Grubi tha n\u00eb emisionin &#8220;Klan Debat&#8221; se disa oligark\u00ebve maqedonas po ju pengojn\u00eb shqiptar\u00ebt e suksessh\u00ebm n\u00eb politik\u00eb.<br \/>\nAi potencoi se edhe sulmet ndaj projektit Korridori 8 po vijn\u00eb nga k\u00ebto qendra. <\/p>\n<p>&#8220;VMRO donte largimin e BDI-s\u00eb nga pushteti, problemi nuk ishte m\u00eb \u00e7\u00ebshtja bullgare por shqiptar\u00ebt. Oligark\u00ebt maqedonas e kan hallin q\u00eb shqiptar\u00ebt jan\u00eb t\u00eb zotit p\u00ebr vet\u00ebqeverisje, dhe me k\u00ebt\u00eb kultur\u00eb politike dhe mediatike kemi arritur q\u00eb t\u00eb realizojm\u00eb investime marramend\u00ebse kapitale, ku dallimi \u00ebsht\u00eb shum\u00eb i madh ku ne kemi lidhur marr\u00ebveshje me kompani amerikane dhe evropiane dhe jo me kompani kineze.<br \/>\nOligark\u00ebt maqedonas jan\u00eb kompanit\u00eb m\u00eb t\u00eb m\u00ebdha t\u00eb vendit q\u00eb kan\u00eb fituar mbi shpin\u00ebn e privatizimit, duke u p\u00ebrpjekur q\u00eb t\u00eb zhvillojn\u00eb nj\u00eb strategji politike p\u00ebr largimin e shqiptar\u00ebve nga pushteti, por kjo gj\u00eb \u00ebsht\u00eb zgjidhur nga viti 2001 ku ne kemi d\u00ebshmuar se jemi t\u00eb aft\u00eb p\u00ebr implementimin ekonomik. Ne ushtrojm\u00eb p\u00ebr t\u00eb dh\u00ebn\u00eb mund\u00ebsi t\u00eb barabarta dhe jomonopolizimin e vendit, p\u00ebr t\u00eb pasur nj\u00eb shoq\u00ebri liberale, dhe liberalizim t\u00eb tregut. Edhe sulmet p\u00ebr Korridorin e 8 po vijn\u00eb nga kjo qend\u00ebr sepse i c\u00ebnon interesat e koridoreve tjera konkurente si dhe shum\u00eb interesa t\u00eb tjera ekonomike, pra \u00ebsht\u00eb shqet\u00ebsim edhe Korridori 8 p\u00ebr k\u00ebta oligark\u00eb. Ne jemi kujdesur q\u00eb n\u00eb procedur\u00eb shqiptar\u00ebt t\u00eb mos preken nga kjo iniciativ\u00eb e oligark\u00ebve p\u00ebr formimin e qeveris\u00eb monoetnike&#8221;, u shpreh Grubi. <\/p>\n","protected":false},"excerpt":{"rendered":"<p>Z\u00ebvend\u00ebskryeministri i par\u00eb, Artan Grubi tha n\u00eb emisionin &#8220;Klan Debat&#8221; se disa oligark\u00ebve maqedonas po ju pengojn\u00eb shqiptar\u00ebt e suksessh\u00ebm n\u00eb politik\u00eb. Ai potencoi se<\/p>\n","protected":false},"author":14,"featured_media":16177,"comment_status":"open","ping_status":"open","sticky":false,"template":"","format":"standard","meta":{"footnotes":""},"categories":[44],"tags":[],"class_list":["post-16175","post","type-post","status-publish","format-standard","has-post-thumbnail","hentry","category-maqedoni"],"_links":{"self":[{"href":"https:\/\/indeks.bilten.mk\/index.php?rest_route=\/wp\/v2\/posts\/16175","targetHints":{"allow":["GET"]}}],"collection":[{"href":"https:\/\/indeks.bilten.mk\/index.php?rest_route=\/wp\/v2\/posts"}],"about":[{"href":"https:\/\/indeks.bilten.mk\/index.php?rest_route=\/wp\/v2\/types\/post"}],"author":[{"embeddable":true,"href":"https:\/\/indeks.bilten.mk\/index.php?rest_route=\/wp\/v2\/users\/14"}],"replies":[{"embeddable":true,"href":"https:\/\/indeks.bilten.mk\/index.php?rest_route=%2Fwp%2Fv2%2Fcomments&post=16175"}],"version-history":[{"count":0,"href":"https:\/\/indeks.bilten.mk\/index.php?rest_route=\/wp\/v2\/posts\/16175\/revisions"}],"wp:featuredmedia":[{"embeddable":true,"href":"https:\/\/indeks.bilten.mk\/index.php?rest_route=\/wp\/v2\/media\/16177"}],"wp:attachment":[{"href":"https:\/\/indeks.bilten.mk\/index.php?rest_route=%2Fwp%2Fv2%2Fmedia&parent=16175"}],"wp:term":[{"taxonomy":"category","embeddable":true,"href":"https:\/\/indeks.bilten.mk\/index.php?rest_route=%2Fwp%2Fv2%2Fcategories&post=16175"},{"taxonomy":"post_tag","embeddable":true,"href":"https:\/\/indeks.bilten.mk\/index.php?rest_route=%2Fwp%2Fv2%2Ftags&post=16175"}],"curies":[{"name":"wp","href":"https:\/\/api.w.org\/{rel}","templated":true}]}}