{"id":16179,"date":"2023-09-11T21:41:13","date_gmt":"2023-09-11T19:41:13","guid":{"rendered":"https:\/\/indeks.mk\/?p=16179"},"modified":"2023-09-11T21:41:49","modified_gmt":"2023-09-11T19:41:49","slug":"grubi-bdi-eshte-e-forte-me-ali-ahmetin-si-ai-nuk-ka-te-dyte","status":"publish","type":"post","link":"https:\/\/indeks.bilten.mk\/?p=16179","title":{"rendered":"Grubi: BDI \u00ebsht\u00eb e fort\u00eb me Ali Ahmetin, si ai nuk ka t\u00eb dyt\u00eb!"},"content":{"rendered":"<p>Z\u00ebvend\u00ebskryeministri i par\u00eb, Artan Grubi i ftuar n\u00eb emisionin \u201cKlan Debat\u201d n\u00eb Klan Macedonia tha se BDI \u00ebsht\u00eb e fort\u00eb me Ali Ahmetin, figura politika q\u00eb faktorizoi shqiptar\u00ebt.<\/p>\n<p>&#8220;BDI \u00ebsht\u00eb e fort\u00eb me Ali Ahmetin t\u00eb gjith\u00eb ne jemi ndjek\u00ebs s\u00eb frym\u00ebs s\u00eb tij, udh\u00ebheqjes s\u00eb tij. Ali Ahmeti ka lindur lider dhe prij\u00ebs i k\u00ebtij vendi, si Ahmeti nuk ka n\u00eb Evrop\u00eb, n\u00ebse nuk do ishte ai do t\u00eb duhej t\u00eb shpiknim nj\u00eb fiksion t\u00eb tij por nj\u00eb i dyt\u00eb nuk mund t\u00eb koekzistoj\u00eb. T\u00eb gjitha partit\u00eb e vogla q\u00eb kan\u00eb dal\u00eb tani jan\u00eb si ato qeset e instant \u00e7ajit&#8221;, u shpreh Grubi. <\/p>\n","protected":false},"excerpt":{"rendered":"<p>Z\u00ebvend\u00ebskryeministri i par\u00eb, Artan Grubi i ftuar n\u00eb emisionin \u201cKlan Debat\u201d n\u00eb Klan Macedonia tha se BDI \u00ebsht\u00eb e fort\u00eb me Ali Ahmetin, figura politika<\/p>\n","protected":false},"author":14,"featured_media":16180,"comment_status":"open","ping_status":"open","sticky":false,"template":"","format":"standard","meta":{"footnotes":""},"categories":[44],"tags":[],"class_list":["post-16179","post","type-post","status-publish","format-standard","has-post-thumbnail","hentry","category-maqedoni"],"_links":{"self":[{"href":"https:\/\/indeks.bilten.mk\/index.php?rest_route=\/wp\/v2\/posts\/16179","targetHints":{"allow":["GET"]}}],"collection":[{"href":"https:\/\/indeks.bilten.mk\/index.php?rest_route=\/wp\/v2\/posts"}],"about":[{"href":"https:\/\/indeks.bilten.mk\/index.php?rest_route=\/wp\/v2\/types\/post"}],"author":[{"embeddable":true,"href":"https:\/\/indeks.bilten.mk\/index.php?rest_route=\/wp\/v2\/users\/14"}],"replies":[{"embeddable":true,"href":"https:\/\/indeks.bilten.mk\/index.php?rest_route=%2Fwp%2Fv2%2Fcomments&post=16179"}],"version-history":[{"count":0,"href":"https:\/\/indeks.bilten.mk\/index.php?rest_route=\/wp\/v2\/posts\/16179\/revisions"}],"wp:featuredmedia":[{"embeddable":true,"href":"https:\/\/indeks.bilten.mk\/index.php?rest_route=\/wp\/v2\/media\/16180"}],"wp:attachment":[{"href":"https:\/\/indeks.bilten.mk\/index.php?rest_route=%2Fwp%2Fv2%2Fmedia&parent=16179"}],"wp:term":[{"taxonomy":"category","embeddable":true,"href":"https:\/\/indeks.bilten.mk\/index.php?rest_route=%2Fwp%2Fv2%2Fcategories&post=16179"},{"taxonomy":"post_tag","embeddable":true,"href":"https:\/\/indeks.bilten.mk\/index.php?rest_route=%2Fwp%2Fv2%2Ftags&post=16179"}],"curies":[{"name":"wp","href":"https:\/\/api.w.org\/{rel}","templated":true}]}}