{"id":16189,"date":"2023-09-12T09:12:50","date_gmt":"2023-09-12T07:12:50","guid":{"rendered":"https:\/\/indeks.mk\/?p=16189"},"modified":"2023-09-12T11:59:56","modified_gmt":"2023-09-12T09:59:56","slug":"bechtel-enka-sot-nis-me-punimet-ne-korridorin-8","status":"publish","type":"post","link":"https:\/\/indeks.bilten.mk\/?p=16189","title":{"rendered":"&#8220;Bechtel &#038; Enka&#8221; sot nis me punimet n\u00eb Korridorin 8"},"content":{"rendered":"<p>N\u00eb fshatin Banjic\u00eb e Ep\u00ebrme &#8211; Gostivar sot do t\u00eb b\u00ebhet minimi me t\u00eb cilin do t\u00eb fillojn\u00eb punimet nd\u00ebrtimore t\u00eb konsorciumit amerikano-turk \u201cBehtel dhe Enka\u201d p\u00ebr thyerjen e trases\u00eb s\u00eb autostrad\u00ebs Gostivar Bukoj\u00e7an (30.1 kilometra) n\u00eb Korridorin 8.<\/p>\n<p>N\u00eb k\u00ebt\u00eb aktivitet, \u00ebsht\u00eb paralajm\u00ebruar prania e z\u00ebvend\u00ebskryeministrit t\u00eb par\u00eb dhe koordinator i aktiviteteve p\u00ebr nd\u00ebrtimin e korridoreve 8 dhe 10d Artan Grubi, ministrit t\u00eb Transportit dhe Lidhjeve Bllagoj Bo\u00e7varski dhe drejtorit t\u00eb Nd\u00ebrmarrjes Publike p\u00ebr Rrug\u00eb Shtet\u00ebrore Ejup Rustemi.<\/p>\n<p>Marr\u00ebveshja e n\u00ebnshkruar nga Qeveria me \u201cBehtel dhe Enka\u201d parasheh nd\u00ebrtimin e autostradave Tetov\u00eb \u2013 Gostivar, Gostivar \u2013 Bukoj\u00e7an, Trebenisht\u00eb \u2013 Strug\u00eb \u2013 Qaf\u00ebthan\u00eb n\u00eb Korridorin 8 dhe autostrad\u00ebn Prilep \u2013 Manastir n\u00eb Korridorin 10d.<\/p>\n<p>Te nj\u00ebsia projektuese &#8211; Nd\u00ebrmarrja Publike p\u00ebr Rrug\u00eb Shtet\u00ebrore, tashm\u00eb jan\u00eb dor\u00ebzuar projektet infrastrukturore p\u00ebr t\u00eb gjitha nj\u00ebsit\u00eb \u2013 p\u00ebrve\u00e7 p\u00ebr Trebenisht\u00eb-Strug\u00eb-Qaf\u00ebthan\u00eb. Jan\u00eb dor\u00ebzuar edhe raporte p\u00ebr shpron\u00ebsime p\u00ebr Tetov\u00eb-Gostivar dhe Gostivar-Bukoj\u00e7an, nd\u00ebrsa deri n\u00eb fund t\u00eb k\u00ebtij muaji priten raporte edhe p\u00ebr n\u00eb Prilep-Manastir.<\/p>\n<p>Kompanis\u00eb \u201cBehtel dhe Enka\u201d deri m\u00eb tani i jan\u00eb paguar dy k\u00ebste, prej 117 milion\u00eb euro dhe 53 milion\u00eb euro, n\u00eb p\u00ebrputhje me Programin e Financimit t\u00eb Infrastruktur\u00ebs Rrugore p\u00ebr projektin e Korridorit 8 dhe Korridorit 10d p\u00ebr vitin 2023, i cili parashikon gjithsej 243 milion\u00eb euro p\u00ebr k\u00ebt\u00eb vit.<\/p>\n","protected":false},"excerpt":{"rendered":"<p>N\u00eb fshatin Banjic\u00eb e Ep\u00ebrme &#8211; Gostivar sot do t\u00eb b\u00ebhet minimi me t\u00eb cilin do t\u00eb fillojn\u00eb punimet nd\u00ebrtimore t\u00eb konsorciumit amerikano-turk \u201cBehtel dhe<\/p>\n","protected":false},"author":14,"featured_media":0,"comment_status":"open","ping_status":"open","sticky":false,"template":"","format":"standard","meta":{"footnotes":""},"categories":[44],"tags":[],"class_list":["post-16189","post","type-post","status-publish","format-standard","hentry","category-maqedoni"],"_links":{"self":[{"href":"https:\/\/indeks.bilten.mk\/index.php?rest_route=\/wp\/v2\/posts\/16189","targetHints":{"allow":["GET"]}}],"collection":[{"href":"https:\/\/indeks.bilten.mk\/index.php?rest_route=\/wp\/v2\/posts"}],"about":[{"href":"https:\/\/indeks.bilten.mk\/index.php?rest_route=\/wp\/v2\/types\/post"}],"author":[{"embeddable":true,"href":"https:\/\/indeks.bilten.mk\/index.php?rest_route=\/wp\/v2\/users\/14"}],"replies":[{"embeddable":true,"href":"https:\/\/indeks.bilten.mk\/index.php?rest_route=%2Fwp%2Fv2%2Fcomments&post=16189"}],"version-history":[{"count":0,"href":"https:\/\/indeks.bilten.mk\/index.php?rest_route=\/wp\/v2\/posts\/16189\/revisions"}],"wp:attachment":[{"href":"https:\/\/indeks.bilten.mk\/index.php?rest_route=%2Fwp%2Fv2%2Fmedia&parent=16189"}],"wp:term":[{"taxonomy":"category","embeddable":true,"href":"https:\/\/indeks.bilten.mk\/index.php?rest_route=%2Fwp%2Fv2%2Fcategories&post=16189"},{"taxonomy":"post_tag","embeddable":true,"href":"https:\/\/indeks.bilten.mk\/index.php?rest_route=%2Fwp%2Fv2%2Ftags&post=16189"}],"curies":[{"name":"wp","href":"https:\/\/api.w.org\/{rel}","templated":true}]}}