{"id":16192,"date":"2023-09-12T09:37:17","date_gmt":"2023-09-12T07:37:17","guid":{"rendered":"https:\/\/indeks.mk\/?p=16192"},"modified":"2023-09-12T09:37:17","modified_gmt":"2023-09-12T07:37:17","slug":"michael-roth-sot-per-vizite-zyrtare-ne-shkup","status":"publish","type":"post","link":"https:\/\/indeks.bilten.mk\/?p=16192","title":{"rendered":"Michael Roth sot p\u00ebr vizit\u00eb zyrtare n\u00eb Shkup"},"content":{"rendered":"<p>Dje n\u00eb Maqedoni ka mb\u00ebrritur i d\u00ebrguari special i Gjermanis\u00eb p\u00ebr Ballkanin Per\u00ebndimor, Manuel Sarrazin, nd\u00ebrsa sot n\u00eb Shkup do t\u00eb jet\u00eb edhe kryetari i Komisionit p\u00ebr Politik\u00eb t\u00eb Jashtme t\u00eb Bundestagut dhe ish-ministri i shtetit gjerman p\u00ebr Evrop\u00ebn, Michael Roth.<\/p>\n<p>Kjo \u00ebsht\u00eb pjes\u00eb e p\u00ebrpjekjeve diplomatike nd\u00ebrkomb\u00ebtare p\u00ebr hapjen e rrug\u00ebs evropiane t\u00eb Maqedonis\u00eb dhe zbatimin e amendamenteve kushtetuese si kusht p\u00ebr p\u00ebrparimin drejt BE-s\u00eb.<\/p>\n<p>Sipas agjend\u00ebs, Roth do t\u00eb ket\u00eb takime me kryetarin e Kuvendit, Talat Xhaferin me p\u00ebrfaq\u00ebsues t\u00eb Qeveris\u00eb dhe me liderin e VMRO-DPMNE-s\u00eb \u2013 Hristijan Mickoski.<\/p>\n<p>\u00cbsht\u00eb planifikuar pjes\u00ebmarrja n\u00eb evenimentin rajonal \u201cP\u00ebrparimi i Procesit t\u00eb Berlinit p\u00ebrmes Diplomacis\u00eb Parlamentare\u201d n\u00eb t\u00eb cilin jan\u00eb t\u00eb ftuar deputet\u00eb dhe p\u00ebrfaq\u00ebsues t\u00eb sh\u00ebrbimeve eksperte t\u00eb parlamenteve t\u00eb vendeve t\u00eb Ballkanit Per\u00ebndimor, Bundestagut Gjerman dhe Parlamentit Evropian.<\/p>\n<p>N\u00eb debat do t\u00eb marr\u00eb pjes\u00eb edhe Manuel Sarrazin.<\/p>\n","protected":false},"excerpt":{"rendered":"<p>Dje n\u00eb Maqedoni ka mb\u00ebrritur i d\u00ebrguari special i Gjermanis\u00eb p\u00ebr Ballkanin Per\u00ebndimor, Manuel Sarrazin, nd\u00ebrsa sot n\u00eb Shkup do t\u00eb jet\u00eb edhe kryetari i<\/p>\n","protected":false},"author":14,"featured_media":16193,"comment_status":"open","ping_status":"open","sticky":false,"template":"","format":"standard","meta":{"footnotes":""},"categories":[44],"tags":[],"class_list":["post-16192","post","type-post","status-publish","format-standard","has-post-thumbnail","hentry","category-maqedoni"],"_links":{"self":[{"href":"https:\/\/indeks.bilten.mk\/index.php?rest_route=\/wp\/v2\/posts\/16192","targetHints":{"allow":["GET"]}}],"collection":[{"href":"https:\/\/indeks.bilten.mk\/index.php?rest_route=\/wp\/v2\/posts"}],"about":[{"href":"https:\/\/indeks.bilten.mk\/index.php?rest_route=\/wp\/v2\/types\/post"}],"author":[{"embeddable":true,"href":"https:\/\/indeks.bilten.mk\/index.php?rest_route=\/wp\/v2\/users\/14"}],"replies":[{"embeddable":true,"href":"https:\/\/indeks.bilten.mk\/index.php?rest_route=%2Fwp%2Fv2%2Fcomments&post=16192"}],"version-history":[{"count":0,"href":"https:\/\/indeks.bilten.mk\/index.php?rest_route=\/wp\/v2\/posts\/16192\/revisions"}],"wp:featuredmedia":[{"embeddable":true,"href":"https:\/\/indeks.bilten.mk\/index.php?rest_route=\/wp\/v2\/media\/16193"}],"wp:attachment":[{"href":"https:\/\/indeks.bilten.mk\/index.php?rest_route=%2Fwp%2Fv2%2Fmedia&parent=16192"}],"wp:term":[{"taxonomy":"category","embeddable":true,"href":"https:\/\/indeks.bilten.mk\/index.php?rest_route=%2Fwp%2Fv2%2Fcategories&post=16192"},{"taxonomy":"post_tag","embeddable":true,"href":"https:\/\/indeks.bilten.mk\/index.php?rest_route=%2Fwp%2Fv2%2Ftags&post=16192"}],"curies":[{"name":"wp","href":"https:\/\/api.w.org\/{rel}","templated":true}]}}