{"id":16204,"date":"2023-09-12T12:32:39","date_gmt":"2023-09-12T10:32:39","guid":{"rendered":"https:\/\/indeks.mk\/?p=16204"},"modified":"2023-09-12T12:32:39","modified_gmt":"2023-09-12T10:32:39","slug":"roth-ndryshimet-kushtetuese-jane-te-nevojshme-maqedonia-e-veriut-te-kthehet-ne-rrugen-europiane","status":"publish","type":"post","link":"https:\/\/indeks.bilten.mk\/?p=16204","title":{"rendered":"Roth: Ndryshimet kushtetuese jan\u00eb t\u00eb nevojshme, Maqedonia e Veriut t\u00eb kthehet n\u00eb rrug\u00ebn europiane"},"content":{"rendered":"<p>Kuvendi dhe Qeveria duhet t\u00eb b\u00ebjn\u00eb gjith\u00e7ka q\u00eb munden p\u00ebr ta kthyer Maqedonin\u00eb n\u00eb rrug\u00ebn evropiane.<\/p>\n<p>Ky \u00ebsht\u00eb mesazhi i d\u00ebrguar sot nga kryetari i Komisionit t\u00eb Politik\u00ebs s\u00eb Jashtme t\u00eb Bundestagut dhe ish-ministri gjerman i Shtetit p\u00ebr Evrop\u00ebn, Michael Roth,\u00a0 p\u00ebrcjell Telegrafi Maqedoni.<\/p>\n<p>Roth thot\u00eb se rikthimi n\u00eb binar\u00eb do t\u00eb thot\u00eb se ndryshimet kushtetuese mund t\u00eb jen\u00eb t\u00eb dhimbshme, por n\u00eb fund t\u00eb fundit jan\u00eb t\u00eb nevojshme.<\/p>\n<p>Para fillimit t\u00eb konferenc\u00ebs \u201cP\u00ebrparimi i procesit t\u00eb Berlinit p\u00ebrmes diplomacis\u00eb parlamentare\u201d, Roth tha se \u00ebsht\u00eb e nevojshme ambicie m\u00eb e madhe p\u00ebr bisedimet e an\u00ebtar\u00ebsimit.<\/p>\n<p>\u201cDua t\u00eb motivoj koleg\u00ebt e mi k\u00ebtu se ia vlen t\u00eb angazhohemi m\u00eb shum\u00eb n\u00eb luft\u00ebn kund\u00ebr korrupsionit, p\u00ebr pavar\u00ebsin\u00eb e gjyq\u00ebsorit, p\u00ebr forcimin e shtetit ligjor dhe kultur\u00ebs demokratike n\u00eb k\u00ebt\u00eb vend. Por reformat e nevojshme nuk jan\u00eb vet\u00ebm p\u00ebrgjegj\u00ebsi e Qeveris\u00eb, por edhe e deputet\u00ebve\u201d, tha Roth.<\/p>\n<div class=\"ai-viewport-1\" data-insertion-position=\"prepend\" data-selector=\".ai-insert-1-86074672\" data-insertion-no-dbg=\"\" data-code=\"PGRpdiBjbGFzcz0nY29kZS1ibG9jayBjb2RlLWJsb2NrLTEgY29kZS1ibG9jay1pbmFydGljbGUtZGVza3RvcCcgc3R5bGU9J21hcmdpbjogOHB4IGF1dG87IHRleHQtYWxpZ246IGNlbnRlcjsgZGlzcGxheTogYmxvY2s7IGNsZWFyOiBib3RoOyB3aWR0aDogMzAwcHg7IGhlaWdodDogNDIwcHg7IGJhY2tncm91bmQtY29sb3I6ICNmZmZmZmY7Jz4KPGRpdiBzdHlsZT0icG9zaXRpb246IHN0aWNreTsgdG9wOiAxNXB4OyI+CjxkaXYgY2xhc3M9ImNvZGUtYmxvY2stbGFiZWwiPlJla2xhbWE8L2Rpdj4KPGRpdiBkYXRhLWFkLXVuaXQtaWQ9Ii8yMjY0NjY1NzExOC9Jbi1hcnRpY2xlX2JveF8yIj48L2Rpdj4KPC9kaXY+CjxkaXYgc3R5bGU9IiBoZWlnaHQ6IDM5MHB4OyI+PC9kaXY+CjwvZGl2Pgo=\" data-block=\"1\">\n<div class=\"code-block code-block-1 code-block-inarticle-desktop\">\n<div><\/div>\n<\/div>\n<\/div>\n","protected":false},"excerpt":{"rendered":"<p>Kuvendi dhe Qeveria duhet t\u00eb b\u00ebjn\u00eb gjith\u00e7ka q\u00eb munden p\u00ebr ta kthyer Maqedonin\u00eb n\u00eb rrug\u00ebn evropiane. Ky \u00ebsht\u00eb mesazhi i d\u00ebrguar sot nga kryetari i<\/p>\n","protected":false},"author":14,"featured_media":16205,"comment_status":"open","ping_status":"open","sticky":false,"template":"","format":"standard","meta":{"footnotes":""},"categories":[44],"tags":[],"class_list":["post-16204","post","type-post","status-publish","format-standard","has-post-thumbnail","hentry","category-maqedoni"],"_links":{"self":[{"href":"https:\/\/indeks.bilten.mk\/index.php?rest_route=\/wp\/v2\/posts\/16204","targetHints":{"allow":["GET"]}}],"collection":[{"href":"https:\/\/indeks.bilten.mk\/index.php?rest_route=\/wp\/v2\/posts"}],"about":[{"href":"https:\/\/indeks.bilten.mk\/index.php?rest_route=\/wp\/v2\/types\/post"}],"author":[{"embeddable":true,"href":"https:\/\/indeks.bilten.mk\/index.php?rest_route=\/wp\/v2\/users\/14"}],"replies":[{"embeddable":true,"href":"https:\/\/indeks.bilten.mk\/index.php?rest_route=%2Fwp%2Fv2%2Fcomments&post=16204"}],"version-history":[{"count":0,"href":"https:\/\/indeks.bilten.mk\/index.php?rest_route=\/wp\/v2\/posts\/16204\/revisions"}],"wp:featuredmedia":[{"embeddable":true,"href":"https:\/\/indeks.bilten.mk\/index.php?rest_route=\/wp\/v2\/media\/16205"}],"wp:attachment":[{"href":"https:\/\/indeks.bilten.mk\/index.php?rest_route=%2Fwp%2Fv2%2Fmedia&parent=16204"}],"wp:term":[{"taxonomy":"category","embeddable":true,"href":"https:\/\/indeks.bilten.mk\/index.php?rest_route=%2Fwp%2Fv2%2Fcategories&post=16204"},{"taxonomy":"post_tag","embeddable":true,"href":"https:\/\/indeks.bilten.mk\/index.php?rest_route=%2Fwp%2Fv2%2Ftags&post=16204"}],"curies":[{"name":"wp","href":"https:\/\/api.w.org\/{rel}","templated":true}]}}