{"id":16207,"date":"2023-09-12T13:10:45","date_gmt":"2023-09-12T11:10:45","guid":{"rendered":"https:\/\/indeks.mk\/?p=16207"},"modified":"2023-09-12T13:10:45","modified_gmt":"2023-09-12T11:10:45","slug":"pse-maroku-i-shkaterruar-nga-termeti-po-refuzon-ndihmen","status":"publish","type":"post","link":"https:\/\/indeks.bilten.mk\/?p=16207","title":{"rendered":"Pse Maroku i shkat\u00ebrruar nga t\u00ebrmeti po refuzon ndihm\u00ebn?"},"content":{"rendered":"<p><strong>Maroku u godite t\u00eb premten mbr\u00ebma nga nj\u00eb t\u00ebrmet tejet i fuqish\u00ebm, t\u00eb cilin vendi nuk e mban mend. Sipas t\u00eb dh\u00ebnave t\u00eb fundit, m\u00eb shum\u00eb se 2,600 persona kan\u00eb humbur jet\u00ebn, nd\u00ebrsa p\u00ebrmasat e d\u00ebmeve materiale as q\u00eb mund t\u00eb merren me mend.<\/strong><\/p>\n<p>Sapo u publikuar lajmi p\u00ebr t\u00ebrmetin, ofertat e ndihm\u00ebs erdh\u00ebn nga e gjitha bota, por vendi deri m\u00eb tani ka qen\u00eb shum\u00eb selektiv p\u00ebr at\u00eb q\u00eb zgjedh t\u00eb pranoj\u00eb.<\/p>\n<div id=\"kosov-1917203935\" class=\"kosov-mes-artikulli3-300x250\">\n<div id=\"M161593ScriptRootC1283131\">N\u00eb njoftimin e djesh\u00ebm p\u00ebr shtyp nga Ministria e Brendshme, thuhet se \u201cn\u00eb k\u00ebt\u00eb faz\u00eb t\u00eb ve\u00e7ant\u00eb, Maroku i \u00ebsht\u00eb p\u00ebrgjigjur ofertave t\u00eb mb\u00ebshtetjes nga vendet mike: Spanja, Katari, Britania e Madhe dhe Emiratet e Bashkuara Arabe\u201d.<\/div>\n<\/div>\n<p>Spanja ka d\u00ebrguar nj\u00eb nj\u00ebsi k\u00ebrkim-shp\u00ebtimi me qen nuhat\u00ebs dhe Mbret\u00ebria e Bashkuar ka d\u00ebrguar nj\u00eb ekip t\u00eb ngjash\u00ebm, por jan\u00eb ngritur pyetje se pse Maroku ka qen\u00eb i ngadalsh\u00ebm p\u00ebr t\u00eb pranuar oferta t\u00eb tjera.<\/p>\n<p>Ndihma e refuzuar nga francez\u00ebt, gjerman\u00ebt\u2026<\/p>\n<p>Ndihma franceze \u00ebsht\u00eb n\u00eb gatishm\u00ebri, por kreu i nj\u00eb shoqate bamir\u00ebsie t\u00eb shp\u00ebtimit, Secouristes sans Frontieres, tha se punonj\u00ebsve t\u00eb tij t\u00eb ndihm\u00ebs nuk u ishte dh\u00ebn\u00eb miratimi nga qeveria marokene, raporton agjencia e lajmeve AFP.<\/p>\n<p>Algjeria, e cila nd\u00ebrpreu marr\u00ebdh\u00ebniet diplomatike me fqinjin e saj afrikano-verior dy vjet m\u00eb par\u00eb, tha se mund t\u00eb d\u00ebrgonte 80 specialist\u00eb t\u00eb shp\u00ebtimit nga forcat e saj t\u00eb mbrojtjes civile. Ka pasur gjithashtu oferta nga SHBA, Tunizia, Turqia dhe Tajvani.<\/p>\n<p>Por vendimi se \u00e7far\u00eb lloj ndihme t\u00eb pranohet ka ngelur n\u00eb \u00e7\u00ebshtjet e sovranitetit dhe gjeopolitik\u00ebs. Marr\u00ebdh\u00ebniet midis Franc\u00ebs dhe Marokut jan\u00eb t\u00eb tensionuara, pjes\u00ebrisht si rezultat i p\u00ebrpjekjeve t\u00eb presidentit francez Emmanuel Macron p\u00ebr t\u2019u afruar me Algjerin\u00eb.Maroku gjithashtu refuzoi ndihm\u00ebn e ofruar nga Gjermania, e Berlini u p\u00ebrpoq menj\u00ebher\u00eb t\u00eb thoshte se vendimi nuk ishte i natyr\u00ebs politike.<\/p>\n<p>\u201cGjermania nuk sheh asnj\u00eb tregues se vendimi i Marokut p\u00ebr t\u00eb refuzuar ndihm\u00ebn nga Berlini \u00ebsht\u00eb i nj\u00eb natyre politike\u201d, tha nj\u00eb z\u00ebdh\u00ebn\u00ebs i Ministris\u00eb s\u00eb Jashtme Federale t\u00eb Gjermanis\u00eb.<\/p>\n<p>\u201cMarr\u00ebdh\u00ebniet diplomatike mes Gjermanis\u00eb dhe Marokut jan\u00eb t\u00eb mira\u201d, tha z\u00ebdh\u00ebn\u00ebsi, duke shtuar se pala marokene fal\u00ebnderoi Gjermanin\u00eb p\u00ebr ndihm\u00ebn e ofruar.<\/p>\n<p>\u201cJam i sigurt se ata kan\u00eb menduar me shum\u00eb kujdes se cilat forca mund t\u00eb dislokohen, ku dhe si mund t\u00eb arrijn\u00eb atje, \u00e7far\u00eb aft\u00ebsish transporti jan\u00eb n\u00eb dispozicion\u201d, shtoi ai.<\/p>\n<p>\u201cPolemika e pap\u00ebrshtatshme\u201d<\/p>\n<p>Autoritetet franceze u p\u00ebrpoq\u00ebn t\u00eb minimizonin \u00e7do nocion se oferta e tyre ishte refuzuar.<\/p>\n<p>\u201cKjo \u00ebsht\u00eb nj\u00eb polemik\u00eb e pap\u00ebrshtatshme\u201d, tha Ministrja e Pun\u00ebve t\u00eb Jashtme, Catherine Colonna, si\u00e7 raportohet nga agjencia e lajmeve Reuters.<\/p>\n<p>\u201cNe jemi t\u00eb gatsh\u00ebm t\u00eb ndihmojm\u00eb Marokun. \u00cbsht\u00eb vendim sovran i Marokut dhe i takon atij t\u00eb vendos\u00eb\u201d, shtoi ajo.<\/p>\n<p>Maroku thot\u00eb se d\u00ebshiron t\u00eb ruaj\u00eb kontrollin dhe nuk d\u00ebshiron t\u00eb rrezikoj\u00eb nj\u00eb situat\u00eb potencialisht kaotike me dhjet\u00ebra vende dhe organizata q\u00eb vijn\u00eb p\u00ebr t\u00eb ndihmuar.<\/p>\n<p>Por kritiku i qeveris\u00eb dhe aktivisti Maati Mounjib tha se kjo ishte p\u00ebrgjigje e gabuar kur nevojitej d\u00ebshp\u00ebrimisht ndihma, ve\u00e7an\u00ebrisht n\u00eb zonat e larg\u00ebta.<\/p>\n<p>\u201cNuk \u00ebsht\u00eb koha p\u00ebr t\u00eb refuzuar ndihm\u00ebn\u201d<\/p>\n<p>\u201cMendoj se \u00ebsht\u00eb me t\u00eb v\u00ebrtet\u00eb gabim t\u00eb k\u00ebmb\u00ebngul\u00ebsh p\u00ebr sovranitetin dhe krenarin\u00eb komb\u00ebtare. Nuk \u00ebsht\u00eb momenti p\u00ebr t\u00eb refuzuar sepse ndihma \u00ebsht\u00eb e nevojshme, madje edhe vendet e zhvilluara pranojn\u00eb ndihm\u00ebn e huaj n\u00eb fatkeq\u00ebsi\u201d, shtoi ai p\u00ebr BBC.<\/p>\n<p>Hossam Elsharkawi, drejtor rajonal p\u00ebr Lindjen e Mesme dhe Afrik\u00ebn e Veriut p\u00ebr Federat\u00ebn Nd\u00ebrkomb\u00ebtare t\u00eb Shoqatave t\u00eb Kryqit t\u00eb Kuq dhe Gjysm\u00ebh\u00ebn\u00ebs s\u00eb Kuqe (IFRC), hezitoi t\u00eb kritikonte autoritetet marokene n\u00eb nj\u00eb koh\u00eb kaq t\u00eb v\u00ebshtir\u00eb, por argumentoi se do t\u00eb nevojitej n\u00eb m\u00ebnyr\u00eb t\u00eb pashmangshme m\u00eb shum\u00eb ndihm\u00eb e huaj.<\/p>\n<p>Organizata i jep para deg\u00ebs lokale t\u00eb Gjysm\u00ebh\u00ebn\u00ebs s\u00eb Kuqe, por IFRC ka gjithashtu ekipe t\u00eb specializuara n\u00eb gatishm\u00ebri, t\u00eb gatshme p\u00ebr t\u00eb shkuar n\u00eb vend.<\/p>\n<p>\u201cKemi 30 vjet p\u00ebrvoj\u00eb n\u00eb k\u00ebto skenar\u00eb, ne i dim\u00eb rregullat \u2013 ata do t\u00eb ken\u00eb nevoj\u00eb p\u00ebr ndihm\u00eb nd\u00ebrkomb\u00ebtare\u201d, tha ai.<\/p>\n<p>\u201cPunonj\u00ebsit lokal\u00eb kan\u00eb b\u00ebr\u00eb pun\u00eb fantastike deri m\u00eb sot, por n\u00eb dit\u00ebn e tret\u00eb jan\u00eb t\u00eb rraskapitur dhe do t\u00eb ken\u00eb nevoj\u00eb p\u00ebr m\u00eb shum\u00eb ndihm\u00eb\u201d, shtoi Elsharkawi. \/Telegrafi\/<\/p>\n","protected":false},"excerpt":{"rendered":"<p>Maroku u godite t\u00eb premten mbr\u00ebma nga nj\u00eb t\u00ebrmet tejet i fuqish\u00ebm, t\u00eb cilin vendi nuk e mban mend. Sipas t\u00eb dh\u00ebnave t\u00eb fundit, m\u00eb<\/p>\n","protected":false},"author":14,"featured_media":16208,"comment_status":"open","ping_status":"open","sticky":false,"template":"","format":"standard","meta":{"footnotes":""},"categories":[46],"tags":[],"class_list":["post-16207","post","type-post","status-publish","format-standard","has-post-thumbnail","hentry","category-bota"],"_links":{"self":[{"href":"https:\/\/indeks.bilten.mk\/index.php?rest_route=\/wp\/v2\/posts\/16207","targetHints":{"allow":["GET"]}}],"collection":[{"href":"https:\/\/indeks.bilten.mk\/index.php?rest_route=\/wp\/v2\/posts"}],"about":[{"href":"https:\/\/indeks.bilten.mk\/index.php?rest_route=\/wp\/v2\/types\/post"}],"author":[{"embeddable":true,"href":"https:\/\/indeks.bilten.mk\/index.php?rest_route=\/wp\/v2\/users\/14"}],"replies":[{"embeddable":true,"href":"https:\/\/indeks.bilten.mk\/index.php?rest_route=%2Fwp%2Fv2%2Fcomments&post=16207"}],"version-history":[{"count":0,"href":"https:\/\/indeks.bilten.mk\/index.php?rest_route=\/wp\/v2\/posts\/16207\/revisions"}],"wp:featuredmedia":[{"embeddable":true,"href":"https:\/\/indeks.bilten.mk\/index.php?rest_route=\/wp\/v2\/media\/16208"}],"wp:attachment":[{"href":"https:\/\/indeks.bilten.mk\/index.php?rest_route=%2Fwp%2Fv2%2Fmedia&parent=16207"}],"wp:term":[{"taxonomy":"category","embeddable":true,"href":"https:\/\/indeks.bilten.mk\/index.php?rest_route=%2Fwp%2Fv2%2Fcategories&post=16207"},{"taxonomy":"post_tag","embeddable":true,"href":"https:\/\/indeks.bilten.mk\/index.php?rest_route=%2Fwp%2Fv2%2Ftags&post=16207"}],"curies":[{"name":"wp","href":"https:\/\/api.w.org\/{rel}","templated":true}]}}