{"id":16218,"date":"2023-09-12T18:43:41","date_gmt":"2023-09-12T16:43:41","guid":{"rendered":"https:\/\/indeks.mk\/?p=16218"},"modified":"2023-09-12T18:43:41","modified_gmt":"2023-09-12T16:43:41","slug":"nis-ndertimi-i-korridorit-8-grubi-realizojme-projektin-me-te-madh-infrastrukturor-ne-vend","status":"publish","type":"post","link":"https:\/\/indeks.bilten.mk\/?p=16218","title":{"rendered":"Nis nd\u00ebrtimi i Korridorit 8, Grubi: Realizojm\u00eb projektin m\u00eb t\u00eb madh infrastrukturor n\u00eb vend"},"content":{"rendered":"<p>Sot konzorciumi nd\u00ebrkomb\u00ebtar \u201cBechtel &#038; Enka\u201d ka filluar pun\u00ebt p\u00ebr nd\u00ebrtimin e Korridorit 8. <\/p>\n<p>Ceremoninin\u00eb e fillimit t\u00eb pun\u00ebs e ndoq\u00ebn nga af\u00ebr, z\u00ebvend\u00ebskryeministri i par\u00eb, Artan Grubi, ambasadorja e SHBA-v\u00eb n\u00eb Maqedonin\u00eb e Veriut, Angela Aggeler, ministri i Transportit dhe Lidhjeve, Bllagoj Bo\u00e7varski si dhe drejtori i Nd\u00ebrmarrjes Publike \u201cRrug\u00ebt Shtet\u00ebrore\u201d, Ejup Rustemi. <\/p>\n<p>Grubi n\u00eb faqen e tij zyrtare n\u00eb Facebook shkruan se pas tejkalimit t\u00eb procedurave t\u00eb nevojshme ligjore, tashm\u00eb projekti Korridori 8 po konkretizohet dhe \u00ebndrra po realizohet. <\/p>\n<p>Statusi i plot\u00eb: <\/p>\n<p>Me ambasadoren e Shteteve t\u00eb Bashkuara t\u00eb Amerik\u00ebs n\u00eb vendin ton\u00eb,znj. Angela Aggeler, ministrin e Transportit dhe Lidhjeve, Bllagoj Bo\u00e7varski, drejtorin e Nd\u00ebrmarrjes Publike \u201cRrug\u00ebt Shtet\u00ebrore\u201d, Ejup Rustemi dhe p\u00ebrfaq\u00ebsuesit e konzorciumit nd\u00ebrkomb\u00ebtar Bechtel &#038; Enka me detonimin n\u00eb terrenin e pun\u00ebs n\u00eb af\u00ebrsi t\u00eb fshatit Banjic\u00eb e Ep\u00ebrme sh\u00ebnuam fillimin e punimeve nd\u00ebrtimore t\u00eb projektit m\u00eb t\u00eb madh infrastrukturor n\u00eb historin\u00eb e vendit, Korridorit 8.<br \/>\nTejkaluam nj\u00eb nga nj\u00eb t\u00eb gjitha procedurat e nevojshme ligjore, t\u00eb gjitha fazat p\u00ebrgatitore dhe ja ku jemi sot me hapa t\u00eb avancuar drejt realizimit t\u00eb \u00ebndrr\u00ebs p\u00ebr t\u00eb pasur rrjet bashk\u00ebkohor t\u00eb qarkullimit rrugor.<br \/>\nMe pun\u00eb mposhtim skepticizmin dhe l\u00ebvizim nga vendi ato projekte q\u00eb jan\u00eb predispozit\u00eb e jet\u00ebs m\u00eb cil\u00ebsore.<\/p>\n<p><iframe loading=\"lazy\" src=\"https:\/\/www.facebook.com\/plugins\/post.php?href=https%3A%2F%2Fwww.facebook.com%2FArtanGrubi%2Fposts%2Fpfbid09TnqtdWSWJutCD15LbL3CVNK8csQQKH6epPbpPMBHQBBKdyGmkk9BsspiHowaJZ8l&#038;show_text=true&#038;width=500\" width=\"500\" height=\"786\" style=\"border:none;overflow:hidden\" scrolling=\"no\" frameborder=\"0\" allowfullscreen=\"true\" allow=\"autoplay; clipboard-write; encrypted-media; picture-in-picture; web-share\"><\/iframe><\/p>\n","protected":false},"excerpt":{"rendered":"<p>Sot konzorciumi nd\u00ebrkomb\u00ebtar \u201cBechtel &#038; Enka\u201d ka filluar pun\u00ebt p\u00ebr nd\u00ebrtimin e Korridorit 8. Ceremoninin\u00eb e fillimit t\u00eb pun\u00ebs e ndoq\u00ebn nga af\u00ebr, z\u00ebvend\u00ebskryeministri i<\/p>\n","protected":false},"author":14,"featured_media":16220,"comment_status":"open","ping_status":"open","sticky":false,"template":"","format":"standard","meta":{"footnotes":""},"categories":[44],"tags":[],"class_list":["post-16218","post","type-post","status-publish","format-standard","has-post-thumbnail","hentry","category-maqedoni"],"_links":{"self":[{"href":"https:\/\/indeks.bilten.mk\/index.php?rest_route=\/wp\/v2\/posts\/16218","targetHints":{"allow":["GET"]}}],"collection":[{"href":"https:\/\/indeks.bilten.mk\/index.php?rest_route=\/wp\/v2\/posts"}],"about":[{"href":"https:\/\/indeks.bilten.mk\/index.php?rest_route=\/wp\/v2\/types\/post"}],"author":[{"embeddable":true,"href":"https:\/\/indeks.bilten.mk\/index.php?rest_route=\/wp\/v2\/users\/14"}],"replies":[{"embeddable":true,"href":"https:\/\/indeks.bilten.mk\/index.php?rest_route=%2Fwp%2Fv2%2Fcomments&post=16218"}],"version-history":[{"count":0,"href":"https:\/\/indeks.bilten.mk\/index.php?rest_route=\/wp\/v2\/posts\/16218\/revisions"}],"wp:featuredmedia":[{"embeddable":true,"href":"https:\/\/indeks.bilten.mk\/index.php?rest_route=\/wp\/v2\/media\/16220"}],"wp:attachment":[{"href":"https:\/\/indeks.bilten.mk\/index.php?rest_route=%2Fwp%2Fv2%2Fmedia&parent=16218"}],"wp:term":[{"taxonomy":"category","embeddable":true,"href":"https:\/\/indeks.bilten.mk\/index.php?rest_route=%2Fwp%2Fv2%2Fcategories&post=16218"},{"taxonomy":"post_tag","embeddable":true,"href":"https:\/\/indeks.bilten.mk\/index.php?rest_route=%2Fwp%2Fv2%2Ftags&post=16218"}],"curies":[{"name":"wp","href":"https:\/\/api.w.org\/{rel}","templated":true}]}}